{"id":152962,"date":"2025-05-31T01:47:08","date_gmt":"2025-05-31T01:47:08","guid":{"rendered":"https:\/\/www.europesays.com\/de\/152962\/"},"modified":"2025-05-31T01:47:08","modified_gmt":"2025-05-31T01:47:08","slug":"67-amirap-newcomer-im-ranking-laut-de-seite-8-28","status":"publish","type":"post","link":"https:\/\/www.europesays.com\/de\/152962\/","title":{"rendered":"67 Amirap-Newcomer im Ranking \u2013 laut.de \u2013 Seite 8\/28"},"content":{"rendered":"<p>\t\t8. Ian<\/p>\n<p><b>Herkunft<\/b>: St. Louis, Mississippi<br \/><b>Sound<\/b>: Rage<br \/><b>Monatliche H\u00f6rer<\/b>: 6,2 Millionen<\/p>\n<p>Ich sag ehrlich: Alle Leute, die interessant genug f\u00fcr das Cover w\u00e4ren, sind echt kontrovers. Ich fand diesen <b>Ian<\/b>-Charakter eigentlich am Anfang ziemlich beschissen, bis er seinen &#8222;Hate Me&#8220;-Track mit <a href=\"https:\/\/laut.de\/Lil-Yachty\" class=\"wort\" title=\"Lil Yachty\" rel=\"nofollow noopener\" target=\"_blank\">Lil Yachty<\/a> ver\u00f6ffentlicht hat, der eine kleine Guilty Pleasure f\u00fcr mich geworden ist. Das Problem mit dem: Das hier ist ein wei\u00dfer Nerd, der einen auf <a href=\"https:\/\/laut.de\/Future\" class=\"wort\" title=\"Future\" rel=\"nofollow noopener\" target=\"_blank\">Future<\/a> und <a href=\"https:\/\/laut.de\/Gucci-Mane\" class=\"wort\" title=\"Gucci Mane\" rel=\"nofollow noopener\" target=\"_blank\">Gucci Mane<\/a> macht &#8211; und sich zugleich einen gro\u00dfen Spa\u00df daraus, dass das alles offensichtlich nur Cosplay ist. <\/p>\n<p>Er liegt also auf der Skala der Hateability ungef\u00e4hr genau bei der H\u00e4lfte zwischen <a href=\"https:\/\/laut.de\/Lil-Tecca\" class=\"wort\" title=\"Lil Tecca\" rel=\"nofollow noopener\" target=\"_blank\">Lil Tecca<\/a> und Lil Mabu &#8211; und bekam daf\u00fcr direkt einen Realness-Anschiss von <a href=\"https:\/\/laut.de\/Tyler-The-Creator\" class=\"wort\" title=\"Tyler The Creator\" rel=\"nofollow noopener\" target=\"_blank\">Tyler The Creator<\/a> pers\u00f6nlich, der ihm sogar ein paar Lines auf &#8222;<a href=\"https:\/\/laut.de\/Tyler-The-Creator\/Alben\/Chromakopia-124183\" class=\"stark\" title=\"Tyler The Creator - &#039;Chromakopia&#039;\" rel=\"nofollow noopener\" target=\"_blank\">Chromakopia<\/a>&#8220; widmet. Harter Tobak, denn wenn man Tyler gegen sich hat, steht man wahrscheinlich auf der falschen Seite der Geschichte. <\/p>\n<p>Ian hat durchaus diesen Meme-Rap-Flavour, der gerne einmal furchtbar altert, wenn er auch ohne Zweifel jetzt gerade kommerziell einer der st\u00e4rksten Anw\u00e4rter ist. Hits hat er, ja, aber 2024 ist es gewisserma\u00dfen ein Sport geworden, seine beiden Tapes &#8222;Valedictorian&#8220; und &#8222;Goodbye Horses&#8220; so hart zu zerrei\u00dfen wie nur menschenm\u00f6glich. Aber ein Comeback ist immer drin, nicht? <\/p>\n<p><b>XXL-Faktor<\/b>: 4\/5<\/p>\n","protected":false},"excerpt":{"rendered":"8. Ian Herkunft: St. Louis, MississippiSound: RageMonatliche H\u00f6rer: 6,2 Millionen Ich sag ehrlich: Alle Leute, die interessant genug&hellip;\n","protected":false},"author":2,"featured_media":152963,"comment_status":"","ping_status":"","sticky":false,"template":"","format":"standard","meta":{"footnotes":""},"categories":[1772],"tags":[29,214,30,1779,810,215],"class_list":{"0":"post-152962","1":"post","2":"type-post","3":"status-publish","4":"format-standard","5":"has-post-thumbnail","7":"category-musik","8":"tag-deutschland","9":"tag-entertainment","10":"tag-germany","11":"tag-music","12":"tag-musik","13":"tag-unterhaltung"},"share_on_mastodon":{"url":"","error":""},"_links":{"self":[{"href":"https:\/\/www.europesays.com\/de\/wp-json\/wp\/v2\/posts\/152962","targetHints":{"allow":["GET"]}}],"collection":[{"href":"https:\/\/www.europesays.com\/de\/wp-json\/wp\/v2\/posts"}],"about":[{"href":"https:\/\/www.europesays.com\/de\/wp-json\/wp\/v2\/types\/post"}],"author":[{"embeddable":true,"href":"https:\/\/www.europesays.com\/de\/wp-json\/wp\/v2\/users\/2"}],"replies":[{"embeddable":true,"href":"https:\/\/www.europesays.com\/de\/wp-json\/wp\/v2\/comments?post=152962"}],"version-history":[{"count":0,"href":"https:\/\/www.europesays.com\/de\/wp-json\/wp\/v2\/posts\/152962\/revisions"}],"wp:featuredmedia":[{"embeddable":true,"href":"https:\/\/www.europesays.com\/de\/wp-json\/wp\/v2\/media\/152963"}],"wp:attachment":[{"href":"https:\/\/www.europesays.com\/de\/wp-json\/wp\/v2\/media?parent=152962"}],"wp:term":[{"taxonomy":"category","embeddable":true,"href":"https:\/\/www.europesays.com\/de\/wp-json\/wp\/v2\/categories?post=152962"},{"taxonomy":"post_tag","embeddable":true,"href":"https:\/\/www.europesays.com\/de\/wp-json\/wp\/v2\/tags?post=152962"}],"curies":[{"name":"wp","href":"https:\/\/api.w.org\/{rel}","templated":true}]}}