{"id":153006,"date":"2025-05-31T02:11:27","date_gmt":"2025-05-31T02:11:27","guid":{"rendered":"https:\/\/www.europesays.com\/de\/153006\/"},"modified":"2025-05-31T02:11:27","modified_gmt":"2025-05-31T02:11:27","slug":"seniorin-am-schrebergarten-ausgeraubt-radio-bielefeld","status":"publish","type":"post","link":"https:\/\/www.europesays.com\/de\/153006\/","title":{"rendered":"Seniorin am Schrebergarten ausgeraubt | Radio Bielefeld"},"content":{"rendered":"<p class=\"bodytext\">FR \/ Bielefeld \/ S\u00fcdwestfeld &#8211; Eine unbekannte T\u00e4tergruppe raubte eine Seniorin am Mittwoch, 28.05.2025, an der Enniskillener Stra\u00dfe aus. Sie lenkten die Frau mit mehreren Maschen ab. Die Polizei sucht Zeugen.<\/p>\n<p>Gegen 12:30 Uhr hielt sich eine 78-j\u00e4hrige Bielefelderin in einem Schrebergarten an der Enniskillener Stra\u00dfe auf. Pl\u00f6tzlich hielt ein schwarzer Audi mit f\u00fcnf Personen an der Stra\u00dfe. Zun\u00e4chst stieg eine Frau aus und rief die Seniorin mit einem Umschlag wedelnd zum Zaun. Die Seniorin wehrte sich, als die Unbekannte ihr am Zaun dann einen Ring auf den Finger stecken wollte.<\/p>\n<p>Daraufhin stieg ein Mann aus dem Auto und nannte die Seniorin &#8222;Mama&#8220;. Als er der Bielefelderin scheinbar Geld geben wollte, lehnte sie dieses ab. Der Mann griff daraufhin ihre Hand und k\u00fcsste diese. Diesen Augenblick nutzte die Komplizin, um der 78-J\u00e4hrigen die Goldkette vom Hals zu rei\u00dfen.<\/p>\n<p>Die T\u00e4ter fl\u00fcchteten dann sofort mit einem schwarzen Auto in Richtung A33.<\/p>\n<p>Die R\u00e4uberin soll dick, 45 bis 55 Jahre alt und zwischen 155 bis 165 cm gro\u00df sein. Ihr dunkelbraunen Augen waren markant mit schwarzem Kajal geschminkt. Sie trug ein schwarzes Kopftuch, braune Oberbekleidung, eine schwarze Weste und einen schwarzen Rock.<\/p>\n<p>Der R\u00e4uber soll dick, 45 bis 55 Jahre alt und 165 bis 175 cm gro\u00df sein. Er soll kurze schwarze Haare, einen Schnurrbart und dunkelbraune Augen haben. Bei der Tat trug er eine beige Jacke und eine schwarze Hose.<\/p>\n<p>Zeugen melden sich bitte mit Hinweisen zur Tat oder zu m\u00f6glichen Tatverd\u00e4chtigen beim Kriminalkommissariat 13 unter der 0521\/545-0.<\/p>\n<p>R\u00fcckfragen von Journalisten bitte an:<\/p>\n<p>Polizeipr\u00e4sidium Bielefeld Leitungsstab\/ Presse- und \u00d6ffentlichkeitsarbeit Kurt-Schumacher-Stra\u00dfe 46 33615 Bielefeld<\/p>\n<p>Sonja Rehmert (SR), Tel. 0521\/545-3020 Katja K\u00fcster (KK), Tel. 0521\/545-3195 Sarah Siedschlag (SI), Tel. 0521\/545-3021 Michael K\u00f6tter (MK), Tel. 0521\/545-3022 Hella Christoph (HC), Tel. 0521\/545-3023 Fabian Rickel (FR), Tel. 0521\/545-3024 Caroline Steffen (CS), Tel. 0521\/545-3026 Lukas Reker (LR), Tel. 0521\/545-3222 Jan Grote (JG), Tel. 0521\/545-3235<\/p>\n<p>E-Mail: pressestelle.bielefeld@polizei.nrw.de <a href=\"https:\/\/bielefeld.polizei.nrw\/\" target=\"_blank\" rel=\"nofollow noopener\">bielefeld.polizei.nrw<\/a><\/p>\n<p>Au\u00dferhalb der B\u00fcrodienstzeit: Leitstelle, Tel. 0521\/545-0<\/p>\n<p> Original-Content von: Polizei Bielefeld, \u00fcbermittelt durch news aktuell<\/p>\n","protected":false},"excerpt":{"rendered":"FR \/ Bielefeld \/ S\u00fcdwestfeld &#8211; Eine unbekannte T\u00e4tergruppe raubte eine Seniorin am Mittwoch, 28.05.2025, an der Enniskillener&hellip;\n","protected":false},"author":2,"featured_media":29613,"comment_status":"","ping_status":"","sticky":false,"template":"","format":"standard","meta":{"footnotes":""},"categories":[1841],"tags":[1605,3364,29,30,1209,12925],"class_list":{"0":"post-153006","1":"post","2":"type-post","3":"status-publish","4":"format-standard","5":"has-post-thumbnail","7":"category-bielefeld","8":"tag-bielefeld","9":"tag-de","10":"tag-deutschland","11":"tag-germany","12":"tag-nordrhein-westfalen","13":"tag-polizeimeldungen"},"share_on_mastodon":{"url":"https:\/\/pubeurope.com\/@de\/114600023409248970","error":""},"_links":{"self":[{"href":"https:\/\/www.europesays.com\/de\/wp-json\/wp\/v2\/posts\/153006","targetHints":{"allow":["GET"]}}],"collection":[{"href":"https:\/\/www.europesays.com\/de\/wp-json\/wp\/v2\/posts"}],"about":[{"href":"https:\/\/www.europesays.com\/de\/wp-json\/wp\/v2\/types\/post"}],"author":[{"embeddable":true,"href":"https:\/\/www.europesays.com\/de\/wp-json\/wp\/v2\/users\/2"}],"replies":[{"embeddable":true,"href":"https:\/\/www.europesays.com\/de\/wp-json\/wp\/v2\/comments?post=153006"}],"version-history":[{"count":0,"href":"https:\/\/www.europesays.com\/de\/wp-json\/wp\/v2\/posts\/153006\/revisions"}],"wp:featuredmedia":[{"embeddable":true,"href":"https:\/\/www.europesays.com\/de\/wp-json\/wp\/v2\/media\/29613"}],"wp:attachment":[{"href":"https:\/\/www.europesays.com\/de\/wp-json\/wp\/v2\/media?parent=153006"}],"wp:term":[{"taxonomy":"category","embeddable":true,"href":"https:\/\/www.europesays.com\/de\/wp-json\/wp\/v2\/categories?post=153006"},{"taxonomy":"post_tag","embeddable":true,"href":"https:\/\/www.europesays.com\/de\/wp-json\/wp\/v2\/tags?post=153006"}],"curies":[{"name":"wp","href":"https:\/\/api.w.org\/{rel}","templated":true}]}}