{"id":153008,"date":"2025-05-31T02:13:10","date_gmt":"2025-05-31T02:13:10","guid":{"rendered":"https:\/\/www.europesays.com\/de\/153008\/"},"modified":"2025-05-31T02:13:10","modified_gmt":"2025-05-31T02:13:10","slug":"hier-wird-nicht-richtig-kontrolliert-fdp-kritisiert-sauberkeit-an-containern-in-wuppertal","status":"publish","type":"post","link":"https:\/\/www.europesays.com\/de\/153008\/","title":{"rendered":"\u201eHier wird nicht richtig kontrolliert\u201c \u2013 FDP kritisiert Sauberkeit an Containern in Wuppertal"},"content":{"rendered":"<p class=\"text_ohne_einzug richtext text-em-55 !leading-serif mx-6 desktop:mx-0\">\u00dcberall im Stadtgebiet sammeln sich immer wieder M\u00fcll und lose Kleidungsst\u00fccke an Altkleidercontainern. Das Thema Sauberkeit im \u00f6ffentlichen Raum besch\u00e4ftigt viele Wuppertaler. Ein Kl\u00e4ger ist aktuell der Wuppertaler Oberb\u00fcrgermeisterkandidat Marcel Hafke (FDP), der bemerkt, dass er \u201evon den S\u00fcdh\u00f6hen bis Elberfeld\u201c regelm\u00e4\u00dfig \u00fcberlaufende Kleidercontainer beobachte. Beim Altpapier sehe es an den Depotcontainer-Standorten nicht besser aus. Hafkes Vorw\u00fcrfe in Richtung AWG und Stadt lauten: \u201eHier wird nicht richtig kontrolliert. Das ist eine Managementsache.\u201c Einen aufnahmef\u00e4higen Container f\u00fcr Altkleider zu finden, sei f\u00fcr ihn schwer geworden. In der derzeitigen Handhabe der Leerungen sehe er keine L\u00f6sung und es brauche daher ein ver\u00e4ndertes Konzept.<\/p>\n","protected":false},"excerpt":{"rendered":"\u00dcberall im Stadtgebiet sammeln sich immer wieder M\u00fcll und lose Kleidungsst\u00fccke an Altkleidercontainern. Das Thema Sauberkeit im \u00f6ffentlichen&hellip;\n","protected":false},"author":2,"featured_media":153009,"comment_status":"","ping_status":"","sticky":false,"template":"","format":"standard","meta":{"footnotes":""},"categories":[1840],"tags":[54204,4098,54206,36367,696,3364,54205,54208,29,187,30,54207,54203,54202,1209,16353,2804,4096,54209,4968,4418,17352],"class_list":{"0":"post-153008","1":"post","2":"type-post","3":"status-publish","4":"format-standard","5":"has-post-thumbnail","7":"category-wuppertal","8":"tag-altkleider","9":"tag-altkleidercontainer","10":"tag-altkleidercontainern","11":"tag-awg","12":"tag-container","13":"tag-de","14":"tag-depotcontainer","15":"tag-depotcontainerstandplaetze","16":"tag-deutschland","17":"tag-fdp","18":"tag-germany","19":"tag-kleidercontainer","20":"tag-kontrolliert","21":"tag-marcel-hafke","22":"tag-nordrhein-westfalen","23":"tag-sauberkeit","24":"tag-stadtgebiet","25":"tag-stadtsauberkeit","26":"tag-standplaetze","27":"tag-vorwuerfe","28":"tag-wuppertal","29":"tag-wuppertalerinnen"},"share_on_mastodon":{"url":"https:\/\/pubeurope.com\/@de\/114600031339381918","error":""},"_links":{"self":[{"href":"https:\/\/www.europesays.com\/de\/wp-json\/wp\/v2\/posts\/153008","targetHints":{"allow":["GET"]}}],"collection":[{"href":"https:\/\/www.europesays.com\/de\/wp-json\/wp\/v2\/posts"}],"about":[{"href":"https:\/\/www.europesays.com\/de\/wp-json\/wp\/v2\/types\/post"}],"author":[{"embeddable":true,"href":"https:\/\/www.europesays.com\/de\/wp-json\/wp\/v2\/users\/2"}],"replies":[{"embeddable":true,"href":"https:\/\/www.europesays.com\/de\/wp-json\/wp\/v2\/comments?post=153008"}],"version-history":[{"count":0,"href":"https:\/\/www.europesays.com\/de\/wp-json\/wp\/v2\/posts\/153008\/revisions"}],"wp:featuredmedia":[{"embeddable":true,"href":"https:\/\/www.europesays.com\/de\/wp-json\/wp\/v2\/media\/153009"}],"wp:attachment":[{"href":"https:\/\/www.europesays.com\/de\/wp-json\/wp\/v2\/media?parent=153008"}],"wp:term":[{"taxonomy":"category","embeddable":true,"href":"https:\/\/www.europesays.com\/de\/wp-json\/wp\/v2\/categories?post=153008"},{"taxonomy":"post_tag","embeddable":true,"href":"https:\/\/www.europesays.com\/de\/wp-json\/wp\/v2\/tags?post=153008"}],"curies":[{"name":"wp","href":"https:\/\/api.w.org\/{rel}","templated":true}]}}