{"id":153016,"date":"2025-05-31T02:17:09","date_gmt":"2025-05-31T02:17:09","guid":{"rendered":"https:\/\/www.europesays.com\/de\/153016\/"},"modified":"2025-05-31T02:17:09","modified_gmt":"2025-05-31T02:17:09","slug":"krieg-in-der-ukraine-russland-nennt-bedingungen-fuer-waffenruhe","status":"publish","type":"post","link":"https:\/\/www.europesays.com\/de\/153016\/","title":{"rendered":"Krieg in der Ukraine: Russland nennt Bedingungen f\u00fcr Waffenruhe"},"content":{"rendered":"<p class=\"paragraph article__item\"><a class=\"rtr-entity\" href=\"https:\/\/www.zeit.de\/thema\/russland\" rel=\"nofollow noopener\" target=\"_blank\">Russland<\/a> hat im UN-Sicherheitsrat Bedingungen f\u00fcr eine m\u00f6gliche<br \/>\nWaffenruhe im <a href=\"https:\/\/www.zeit.de\/thema\/krieg-in-ukraine\" class=\"\" target=\"_blank\" rel=\"nofollow noopener\">Ukrainekrieg<\/a> aufgestellt. F\u00fcr die Dauer der Waffenruhe sei es erforderlich, dass die westlichen L\u00e4nder die Waffenlieferungen an die Ukraine einstellten und die Ukraine ihre Mobilmachung beende, sagte<br \/>\nRusslands UN-Botschafter Wassili Nebensja\n<\/p>\n<p class=\"paragraph article__item\">Die bisherigen \u00c4u\u00dferungen der <a class=\"rtr-entity\" href=\"https:\/\/www.zeit.de\/thema\/krieg-in-ukraine\" rel=\"nofollow noopener\" target=\"_blank\">Ukraine<\/a> deuteten nach Meinung<br \/>\nvon Nebensja darauf hin, dass sie sich nicht auf diese Bedingungen einlasse.<br \/>\nRussland wiederum wolle keine Situation, in der die Ukraine die Waffenruhe zum<br \/>\nDurchatmen und Kr\u00e4ftesammeln in dem Krieg nutze. <a href=\"https:\/\/www.zeit.de\/thema\/russland\" class=\"\" target=\"_blank\" rel=\"nofollow noopener\">Russland<\/a> sei bereit, bei den<br \/>\nVerhandlungen an diesem Montag in Istanbul \u00fcber Bedingungen f\u00fcr einen<br \/>\nFrieden zu reden. Die Gespr\u00e4che seien der &#8222;Lackmustest&#8220; f\u00fcr beide<br \/>\nSeiten, um zu zeigen, ob sie es ernst meinten mit einem Streben nach einem Ende<br \/>\nder K\u00e4mpfe. Eine Waffenruhe k\u00f6nne es dann im Weiteren erm\u00f6glichen, an einer<br \/>\nnachhaltigen L\u00f6sung der urspr\u00fcnglichen Ursachen des Konflikts zu arbeiten,<br \/>\nsagte der Diplomat.\n<\/p>\n<p>                        Verhandlungen am Montag in Istanbul        <\/p>\n<p class=\"paragraph article__item\">Bisher ist offen, ob die Ukraine an dem f\u00fcr den 2. Juni angesetzten<br \/>\nTreffen in <a class=\"rtr-entity\" href=\"https:\/\/www.zeit.de\/thema\/istanbul\" rel=\"nofollow noopener\" target=\"_blank\">Istanbul<\/a> teilnehmen wird. Der ukrainische Pr\u00e4sident <a href=\"https:\/\/www.zeit.de\/thema\/wolodymyr-selenskyj\" class=\"\" target=\"_blank\" rel=\"nofollow noopener\">Wolodymyr<br \/>\nSelenskyj<\/a> hatte Russland vorgeworfen, die Gespr\u00e4che im Vorfeld absichtlich zu<br \/>\nblockieren und eine versprochene Liste mit Bedingungen f\u00fcr einen Frieden in der<br \/>\nUkraine zur\u00fcckzuhalten.\n<\/p>\n<p class=\"paragraph article__item\">&#8222;Damit ein Treffen sinnvoll ist, muss die Tagesordnung<br \/>\nklar sein und die Verhandlungen m\u00fcssen gut vorbereitet werden. Leider tut<br \/>\nRussland alles, was es kann, um sicherzustellen, dass das n\u00e4chste m\u00f6gliche<br \/>\nTreffen keine Ergebnisse bringt&#8220;, schrieb Selenskyj auf X. <\/p>\n<p>        Erdo\u011fan dr\u00e4ngt Selenskyj zu Teilnahme an Verhandlungen        <\/p>\n<p class=\"paragraph article__item\">Der t\u00fcrkische Pr\u00e4sident <a class=\"rtr-entity\" href=\"https:\/\/www.zeit.de\/thema\/recep-tayyip-erdogan\" rel=\"nofollow noopener\" target=\"_blank\">Recep Tayyip Erdo\u011fan<\/a> hatte den<br \/>\nPr\u00e4sidenten der Ukraine gedr\u00e4ngt, an dem Verhandlungstermin teilzunehmen.<br \/>\nErdo\u011fan habe in einem Telefonat zwischen den beiden Staatschefs die Bedeutung<br \/>\neiner gemeinsamen Teilnahme der beiden Kriegsparteien betont, teilte das<br \/>\nPr\u00e4sidialamt in Ankara mit. Ein Treffen der Staatsoberh\u00e4upter beider L\u00e4nder im<br \/>\nAnschluss an die Verhandlungen &#8222;k\u00f6nnte den Friedensprozess weiter<br \/>\nvoranbringen&#8220;.\n<\/p>\n<p>                            \u00a9\u00a0Lea Dohle<\/p>\n<p>\n                    Newsletter<\/p>\n<p>                    Was jetzt? \u2013 Der t\u00e4gliche Morgen\u00fcberblick<\/p>\n<p class=\"newsletter-signup__text\">Starten Sie mit unserem kurzen Nachrichten-Newsletter in den Tag. Erhalten Sie zudem freitags den US-Sonderletter &#8222;Was jetzt, America?&#8220; sowie das digitale Magazin ZEIT am Wochenende.<\/p>\n<p class=\"newsletter-signup__datapolicy\" hidden=\"\">\n            Mit Ihrer Registrierung nehmen Sie die <a href=\"https:\/\/datenschutz.zeit.de\/zon#Newsletter\" target=\"_blank\" rel=\"nofollow noopener\">Datenschutzerkl\u00e4rung<\/a> zur Kenntnis.\n        <\/p>\n<p>    Vielen Dank! Wir haben Ihnen eine E-Mail geschickt.<\/p>\n<p>Pr\u00fcfen Sie Ihr Postfach und best\u00e4tigen Sie das Newsletter-Abonnement.<\/p>\n<p class=\"paragraph article__item\">Russland hatte bisher stets betont, erst den Konflikt<br \/>\ngrunds\u00e4tzlich l\u00f6sen zu wollen und dann eine <a class=\"rtr-entity\" href=\"https:\/\/www.zeit.de\/thema\/waffenruhe\" rel=\"nofollow noopener\" target=\"_blank\">Waffenruhe<\/a> zu erw\u00e4gen. Die Ukraine<br \/>\nfordert hingegen bereits seit M\u00e4rz auf Grundlage eines US-Vorschlags, dass es<br \/>\nzuerst eine 30-t\u00e4gige Waffenruhe geben solle, um dann an der L\u00f6sung des<br \/>\nKonflikts zu arbeiten. Der ukrainische Pr\u00e4sident Wolodymyr Selenskyj verlangte,<br \/>\ndass die Feuerpause ohne Vorbedingungen vereinbart werden m\u00fcsse.\n<\/p>\n<p class=\"paragraph article__item\">Alle aktuellen Entwicklungen und Nachrichten zur Ukraine finden Sie in unserem\u00a0<a href=\"https:\/\/www.zeit.de\/politik\/ausland\/ukraine-krieg-news-liveblog\" target=\"_blank\" rel=\"nofollow noopener\">Liveblog<\/a>.\n<\/p>\n<p>            Krieg in der Ukraine        <\/p>\n<p>Mehr zum Thema<\/p>\n<p>                <a href=\"https:\/\/www.zeit.de\/politik\/ausland\/2025-05\/ukraine-lage-luftangriffe-drohnen-raketen-waffen-merz-selenskyj-woche\" data-ct-label=\"Lage in der Ukraine: Ein Luftkrieg in neuer Dimension\" rel=\"nofollow noopener\" target=\"_blank\"><\/p>\n<p>                        Lage in der Ukraine:<br \/>\n                        Ein Luftkrieg in neuer Dimension<\/p>\n<p>                <\/a><\/p>\n<p>                <a href=\"https:\/\/www.zeit.de\/politik\/ausland\/karte-ukraine-krieg-russland-frontverlauf-truppenbewegungen\" data-ct-label=\"Ukrainekarte aktuell: Russische Soldaten sto\u00dfen mehrfach in Region Charkiw vor\" rel=\"nofollow noopener\" target=\"_blank\"><\/p>\n<p>                        Ukrainekarte aktuell:<br \/>\n                        Russische Soldaten sto\u00dfen mehrfach in Region Charkiw vor<\/p>\n<p>                <\/a><\/p>\n<p>                <a href=\"https:\/\/www.zeit.de\/politik\/ausland\/2025-05\/ukraine-krieg-russland-deutschland-waffenlieferungen\" data-ct-label=\"Krieg in der Ukraine: Was, wenn der Ukraine die Kraft ausgeht?\" rel=\"nofollow noopener\" target=\"_blank\"><\/p>\n<p>                        Krieg in der Ukraine:<br \/>\n                        Was, wenn der Ukraine die Kraft ausgeht?<\/p>\n<p>                <\/a><\/p>\n","protected":false},"excerpt":{"rendered":"Russland hat im UN-Sicherheitsrat Bedingungen f\u00fcr eine m\u00f6gliche Waffenruhe im Ukrainekrieg aufgestellt. F\u00fcr die Dauer der Waffenruhe sei&hellip;\n","protected":false},"author":2,"featured_media":153017,"comment_status":"","ping_status":"","sticky":false,"template":"","format":"standard","meta":{"footnotes":""},"categories":[4013],"tags":[331,332,22461,13,145,1435,14,15,16,144,4043,4044,850,307,12,18653,4201,26,580,54210,107],"class_list":{"0":"post-153016","1":"post","2":"type-post","3":"status-publish","4":"format-standard","5":"has-post-thumbnail","7":"category-russland","8":"tag-aktuelle-nachrichten","9":"tag-aktuelle-news","10":"tag-feuerpause","11":"tag-headlines","12":"tag-istanbul","13":"tag-krieg-in-der-ukraine","14":"tag-nachrichten","15":"tag-news","16":"tag-politik","17":"tag-recep-tayyip-erdogan","18":"tag-russia","19":"tag-russian-federation","20":"tag-russische-foederation","21":"tag-russland","22":"tag-schlagzeilen","23":"tag-sicherheitsrat-der-vereinten-nationen","24":"tag-treffen","25":"tag-un","26":"tag-waffenruhe","27":"tag-wassili-nebensja","28":"tag-wolodymyr-selenskyj"},"share_on_mastodon":{"url":"https:\/\/pubeurope.com\/@de\/114600046928666189","error":""},"_links":{"self":[{"href":"https:\/\/www.europesays.com\/de\/wp-json\/wp\/v2\/posts\/153016","targetHints":{"allow":["GET"]}}],"collection":[{"href":"https:\/\/www.europesays.com\/de\/wp-json\/wp\/v2\/posts"}],"about":[{"href":"https:\/\/www.europesays.com\/de\/wp-json\/wp\/v2\/types\/post"}],"author":[{"embeddable":true,"href":"https:\/\/www.europesays.com\/de\/wp-json\/wp\/v2\/users\/2"}],"replies":[{"embeddable":true,"href":"https:\/\/www.europesays.com\/de\/wp-json\/wp\/v2\/comments?post=153016"}],"version-history":[{"count":0,"href":"https:\/\/www.europesays.com\/de\/wp-json\/wp\/v2\/posts\/153016\/revisions"}],"wp:featuredmedia":[{"embeddable":true,"href":"https:\/\/www.europesays.com\/de\/wp-json\/wp\/v2\/media\/153017"}],"wp:attachment":[{"href":"https:\/\/www.europesays.com\/de\/wp-json\/wp\/v2\/media?parent=153016"}],"wp:term":[{"taxonomy":"category","embeddable":true,"href":"https:\/\/www.europesays.com\/de\/wp-json\/wp\/v2\/categories?post=153016"},{"taxonomy":"post_tag","embeddable":true,"href":"https:\/\/www.europesays.com\/de\/wp-json\/wp\/v2\/tags?post=153016"}],"curies":[{"name":"wp","href":"https:\/\/api.w.org\/{rel}","templated":true}]}}