{"id":153018,"date":"2025-05-31T02:18:09","date_gmt":"2025-05-31T02:18:09","guid":{"rendered":"https:\/\/www.europesays.com\/de\/153018\/"},"modified":"2025-05-31T02:18:09","modified_gmt":"2025-05-31T02:18:09","slug":"verletzte-bei-angriffen-in-ukraine-und-russland","status":"publish","type":"post","link":"https:\/\/www.europesays.com\/de\/153018\/","title":{"rendered":"Verletzte bei Angriffen in Ukraine und Russland"},"content":{"rendered":"<p class=\"text-18 leading-17\">Mitte Mai hatten Delegationen aus Russland und der Ukraine in Istanbul erstmals seit mehr als drei Jahren direkte Gespr\u00e4che gef\u00fchrt. Das Treffen in der t\u00fcrkischen Metropole endete ohne Ann\u00e4herung in der Frage einer Waffenruhe. Es wurde aber ein gr\u00f6\u00dferer Gefangenenaustausch vereinbart.<\/p>\n<p class=\"text-18 leading-17\">Au\u00dfenminister Johann Wadephul hat betont, dass das Kriegsziel in der Ukraine nicht eine milit\u00e4rische Niederlage Russlands sein k\u00f6nne. &#8222;Aus meiner Sicht war von Anfang an klar, dass dieser Krieg h\u00f6chstwahrscheinlich durch eine Verhandlungsl\u00f6sung beendet werden wird&#8220;, sagte der CDU-Politiker der &#8222;S\u00fcddeutschen Zeitung&#8220;. &#8222;Denn eines stimmt schon \u2013 dass eine komplette Niederlage im Sinne einer Kapitulation des atomar bewaffneten Russland nicht erwartet werden konnte. Insofern haben wir uns jetzt ein wenig ehrlicher gemacht&#8220;, f\u00fcgte der Au\u00dfenminister hinzu.<\/p>\n<p class=\"text-18 leading-17\">Die fr\u00fchere Au\u00dfenministerin <a class=\"transition-colors duration-200 cursor-pointer text-inherit no-underline text-salemsfur md:hover:text-magenta md:hover:border-magenta md:focus:text-magenta border-current border-b border-solid break-words\" href=\"https:\/\/www.t-online.de\/themen\/annalena-baerbock\/\" data-sctrack=\"BodyAnchor\" rel=\"nofollow noopener\" target=\"_blank\">Annalena Baerbock<\/a> (Gr\u00fcne) hatte noch von einem n\u00f6tigen Sieg \u00fcber Russland gesprochen. Der fr\u00fchere Kanzler <a class=\"transition-colors duration-200 cursor-pointer text-inherit no-underline text-salemsfur md:hover:text-magenta md:hover:border-magenta md:focus:text-magenta border-current border-b border-solid break-words\" href=\"https:\/\/www.t-online.de\/themen\/olaf-scholz\/\" data-sctrack=\"BodyAnchor\" rel=\"nofollow noopener\" target=\"_blank\">Olaf Scholz<\/a> (SPD) hatte dagegen immer davon gesprochen, dass die Ukraine den Krieg nicht verlieren d\u00fcrfe. Es gehe darum, dass sich die Ukraine erfolgreich gegen Russlands Aggression zur Wehr setzen k\u00f6nne, sagte Wadephul. Es gebe die Chance f\u00fcr die Ukraine, aus einer starken Verhandlungsposition auch stark hervorzugehen. &#8222;F\u00fcr uns ist wichtig, dass die Ukraine diese Entscheidung trifft und sie nicht \u00fcber ihre K\u00f6pfe hinweg durch andere getroffen wird.&#8220;<\/p>\n<p class=\"text-18 leading-17\">Wadephul, der am Mittwoch f\u00fcr seinen Antrittsbesuch bei seinem US-Kollegen Marco Rubio in Washington war, \u00e4u\u00dferte sich zuversichtlich, dass auch die <a class=\"transition-colors duration-200 cursor-pointer text-inherit no-underline text-salemsfur md:hover:text-magenta md:hover:border-magenta md:focus:text-magenta border-current border-b border-solid break-words\" href=\"https:\/\/www.t-online.de\/themen\/usa\/\" data-sctrack=\"BodyAnchor\" rel=\"nofollow noopener\" target=\"_blank\">USA<\/a> einen neuen Sanktionsweg gegen Russland mitgehen. &#8222;Das Sanktionspaket von US-Senator Lindsey Graham, das im Senat 80 Unterst\u00fctzer hat, wird mit seiner Zustimmung geschn\u00fcrt&#8220;, sagte der Au\u00dfenminister mit Blick auf US-Pr\u00e4sident Donald Trump. Trump selbst habe mehrfach Sanktionen angek\u00fcndigt und sei jetzt ver\u00e4rgert \u00fcber den russischen Pr\u00e4sidenten, weil Russland die Ukraine immer weiter angreife. &#8222;Ich kann mir nicht vorstellen, dass er die Sache auf sich beruhen l\u00e4sst.&#8220;<\/p>\n<p class=\"text-18 leading-17\">Der Ukraine-Gesandte der USA, Keith Kellogg, hat Verst\u00e4ndnis f\u00fcr die russische Forderung nach einem Ende der Nato-Osterweiterung ge\u00e4u\u00dfert. &#8222;Das ist ein berechtigtes Anliegen&#8220;, sagte Kellogg dem US-Sender ABC News auf eine Frage zu einem Reuters-Bericht, wonach Russland eine schriftliche Zusage fordere, dass sich die <a class=\"transition-colors duration-200 cursor-pointer text-inherit no-underline text-salemsfur md:hover:text-magenta md:hover:border-magenta md:focus:text-magenta border-current border-b border-solid break-words\" href=\"https:\/\/www.t-online.de\/themen\/nato\/\" data-sctrack=\"BodyAnchor\" rel=\"nofollow noopener\" target=\"_blank\">Nato<\/a> nicht weiter nach Osten ausdehne.<\/p>\n","protected":false},"excerpt":{"rendered":"Mitte Mai hatten Delegationen aus Russland und der Ukraine in Istanbul erstmals seit mehr als drei Jahren direkte&hellip;\n","protected":false},"author":2,"featured_media":153019,"comment_status":"","ping_status":"","sticky":false,"template":"","format":"standard","meta":{"footnotes":""},"categories":[4012],"tags":[3176,1217,326,6079,522,331,332,2140,18983,1207,22670,296,31,106,6077,1479,2805,775,13,145,1211,54212,15768,6376,32794,308,14,15,3129,144,307,12,11904,143,317,312,3941,64,54211,320,306,107],"class_list":{"0":"post-153018","1":"post","2":"type-post","3":"status-publish","4":"format-standard","5":"has-post-thumbnail","7":"category-ukraine","8":"tag-3176","9":"tag-1217","10":"tag-326","11":"tag-6079","12":"tag-522","13":"tag-aktuelle-nachrichten","14":"tag-aktuelle-news","15":"tag-angriff","16":"tag-angriffskrieg","17":"tag-ankara","18":"tag-beendigung","19":"tag-berlin","20":"tag-cdu","21":"tag-donald-trump","22":"tag-donezk","23":"tag-drohnenangriff","24":"tag-explosion","25":"tag-friedrich-merz","26":"tag-headlines","27":"tag-istanbul","28":"tag-johann-wadephul","29":"tag-kampfhandlung","30":"tag-keith-kellogg","31":"tag-kursk","32":"tag-lindsey-graham","33":"tag-moskau","34":"tag-nachrichten","35":"tag-news","36":"tag-newsblog","37":"tag-recep-tayyip-erdogan","38":"tag-russland","39":"tag-schlagzeilen","40":"tag-sumy","41":"tag-tuerkei","42":"tag-ukraine","43":"tag-ukrainekrieg","44":"tag-us-senat","45":"tag-usa","46":"tag-verhandlungsrunde","47":"tag-washington","48":"tag-wladimir-putin","49":"tag-wolodymyr-selenskyj"},"share_on_mastodon":{"url":"","error":""},"_links":{"self":[{"href":"https:\/\/www.europesays.com\/de\/wp-json\/wp\/v2\/posts\/153018","targetHints":{"allow":["GET"]}}],"collection":[{"href":"https:\/\/www.europesays.com\/de\/wp-json\/wp\/v2\/posts"}],"about":[{"href":"https:\/\/www.europesays.com\/de\/wp-json\/wp\/v2\/types\/post"}],"author":[{"embeddable":true,"href":"https:\/\/www.europesays.com\/de\/wp-json\/wp\/v2\/users\/2"}],"replies":[{"embeddable":true,"href":"https:\/\/www.europesays.com\/de\/wp-json\/wp\/v2\/comments?post=153018"}],"version-history":[{"count":0,"href":"https:\/\/www.europesays.com\/de\/wp-json\/wp\/v2\/posts\/153018\/revisions"}],"wp:featuredmedia":[{"embeddable":true,"href":"https:\/\/www.europesays.com\/de\/wp-json\/wp\/v2\/media\/153019"}],"wp:attachment":[{"href":"https:\/\/www.europesays.com\/de\/wp-json\/wp\/v2\/media?parent=153018"}],"wp:term":[{"taxonomy":"category","embeddable":true,"href":"https:\/\/www.europesays.com\/de\/wp-json\/wp\/v2\/categories?post=153018"},{"taxonomy":"post_tag","embeddable":true,"href":"https:\/\/www.europesays.com\/de\/wp-json\/wp\/v2\/tags?post=153018"}],"curies":[{"name":"wp","href":"https:\/\/api.w.org\/{rel}","templated":true}]}}