{"id":15305,"date":"2025-04-08T09:45:09","date_gmt":"2025-04-08T09:45:09","guid":{"rendered":"https:\/\/www.europesays.com\/de\/15305\/"},"modified":"2025-04-08T09:45:09","modified_gmt":"2025-04-08T09:45:09","slug":"kiloweise-buecher-und-ein-wunderschoener-kreativmarkt-in-mittelkalbach","status":"publish","type":"post","link":"https:\/\/www.europesays.com\/de\/15305\/","title":{"rendered":"Kiloweise B\u00fccher und ein wundersch\u00f6ner Kreativmarkt in Mittelkalbach"},"content":{"rendered":"<p>                <a class=\"fancybox\" data-fancybox=\"galerie\" data-caption=\"Auch B\u00fcrgermeister Mark Bagus sicherte sich einige B\u00fccher  - Fotos: Arnd R\u00f6ssel\" rel=\"on_group noopener\" title=\"Auch B\u00fcrgermeister Mark Bagus sicherte sich einige B\u00fccher  - Fotos: Arnd R\u00f6ssel\" href=\"https:\/\/oshessen-news.b-cdn.net\/images\/25\/04\/xl\/11774742-25-04-09926.jpg\" target=\"_blank\"><img decoding=\"async\" class=\"img-responsive\" style=\"width: 728px; margin-top: 0; border:0;\" src=\"https:\/\/www.europesays.com\/de\/wp-content\/uploads\/2025\/04\/11774742-25-04-09926.jpg\" title=\"Auch B\u00fcrgermeister Mark Bagus sicherte sich einige B\u00fccher\" onerror=\"imgError(this);\"\/><\/p>\n<p>Auch B\u00fcrgermeister Mark Bagus sicherte sich einige B\u00fccher &#8211; Fotos: Arnd R\u00f6ssel<\/p>\n<p>\n                    <strong>KALBACH<\/strong><br \/>\n                    Erl\u00f6s f\u00fcr die B\u00fccherei\n                <\/p>\n<p>08.04.25 &#8211; <strong>Wer am Sonntagmorgen kurz vor 10 Uhr auf dem Parkplatz des Mittelkalbacher B\u00fcrgerhauses noch einen Parkplatz erhaschen konnte, geh\u00f6rte zu den privilegierten Besuchern des B\u00fccher- und Kreativmarktes welcher wiederum erfolgreich und mit gro\u00dfem Aufwand vom B\u00fcchereiteam Mittelkalbach um Bianca Riediger am Sonntag organisiert wurde.<br \/><\/strong><\/p>\n<p>15 Jahre zur\u00fcck, da waren Schlussverk\u00e4ufe in den gro\u00dfen Kaufh\u00e4usern noch ein Ereignis. Vor \u00d6ffnungsbeginn standen bereits die K\u00e4uferschlangen vor den Toren, um die besten Schn\u00e4ppchen zu erhaschen. So etwas gibt es heute eigentlich nur noch an Black-Friday im Internet.<\/p>\n<\/p>\n<p>Aber nicht so, wenn im Fr\u00fchjahr in Mittelkalbach der B\u00fcchermarkt ansteht. Vor Beginn standen mehr als 30 wartende Besucher (B\u00fccherratten) am Eingangsportal und warteten sehns\u00fcchtig auf die \u00d6ffnung. Geboten wurden B\u00fccher und das Zentnerweise(!) auf langen Tischen vom B\u00fcchereiteam nach Genren wohl sortiert. Die Schn\u00e4ppchen (B\u00fccher) gab es Kiloweise f\u00fcr einen Euro das Kilo. So mancher trat mit mehr als 10 Kilo B\u00fccher wieder seinen Heimweg an. Auch B\u00fcrgermeister Bagus trug unter den Armen voll bepackt die B\u00fccherauswahl seiner Gattin nach Hause.<\/p>\n<p>Ein weiteres Highlight fand im gro\u00dfen Saal des B\u00fcrgerhauses mit dem Kreativmarkt statt. Alle Austellungspl\u00e4tze waren schon seit Monaten ausgebucht und 24 Kreative aus Kalbach und der n\u00e4heren Umgebung zeigten ihr umfangreiches Kunst, Bastel- und Malhandwerk.<\/p>\n<p>War der Tag zweigeteilt, so konzentrierte sich der Vormittag haupts\u00e4chlich auf den B\u00fcchermarkt und am Nachmittag auf das Kleinkunstgeschehen. Auch die Ausgabe von Kaffee und Kuchen, Geb\u00e4ck und Waffeln fand bei den Besuchern gro\u00dfen Anklang. Im gro\u00dfen Saal war zeitweise durch die vielen Interessierten kaum ein Durchkommen. Zufrieden zeigten sich am Tagesende nicht nur der Veranstalter, sondern auch die Aussteller welche ihr Kommen f\u00fcr das n\u00e4chste Jahr bereits andeuteten.<\/p>\n<p><strong><\/p>\n<p>Der Erl\u00f6s der Veranstaltung kommt der kreativen Arbeit in der B\u00fccherei zugute, welche sich immer etwas Neues und Interessantes einfallen l\u00e4sst, wie zum Beispiel der Comic-Tag am 10. Mai oder die n\u00e4chste Lesung am 31. Mai 2025. In der Mittelkalbacher B\u00fccherei ist immer etwas los, ob unter der Woche bei der Ausleihe von B\u00fcchern, CD\u2019s, Spielen und anderer interessanter Dinge. Einfach einmal etwas abseits der omnipr\u00e4senten Digitalisierung.<\/p>\n<p><\/strong> (Arnd R\u00f6ssel) +++<\/p>\n<p><\/p>\n","protected":false},"excerpt":{"rendered":"Auch B\u00fcrgermeister Mark Bagus sicherte sich einige B\u00fccher &#8211; Fotos: Arnd R\u00f6ssel KALBACH Erl\u00f6s f\u00fcr die B\u00fccherei 08.04.25&hellip;\n","protected":false},"author":2,"featured_media":15306,"comment_status":"","ping_status":"","sticky":false,"template":"","format":"standard","meta":{"footnotes":""},"categories":[1774],"tags":[6193,6195,1784,1785,29,214,6197,6192,30,2052,1381,14,6196,15,6194,215],"class_list":{"0":"post-15305","1":"post","2":"type-post","3":"status-publish","4":"format-standard","5":"has-post-thumbnail","7":"category-buecher","8":"tag-alsfeld","9":"tag-bad-hersfeld","10":"tag-books","11":"tag-buecher","12":"tag-deutschland","13":"tag-entertainment","14":"tag-flieden","15":"tag-fulda","16":"tag-germany","17":"tag-hessen","18":"tag-lauterbach","19":"tag-nachrichten","20":"tag-neuhof","21":"tag-news","22":"tag-osthessen","23":"tag-unterhaltung"},"share_on_mastodon":{"url":"https:\/\/pubeurope.com\/@de\/114301706304804479","error":""},"_links":{"self":[{"href":"https:\/\/www.europesays.com\/de\/wp-json\/wp\/v2\/posts\/15305","targetHints":{"allow":["GET"]}}],"collection":[{"href":"https:\/\/www.europesays.com\/de\/wp-json\/wp\/v2\/posts"}],"about":[{"href":"https:\/\/www.europesays.com\/de\/wp-json\/wp\/v2\/types\/post"}],"author":[{"embeddable":true,"href":"https:\/\/www.europesays.com\/de\/wp-json\/wp\/v2\/users\/2"}],"replies":[{"embeddable":true,"href":"https:\/\/www.europesays.com\/de\/wp-json\/wp\/v2\/comments?post=15305"}],"version-history":[{"count":0,"href":"https:\/\/www.europesays.com\/de\/wp-json\/wp\/v2\/posts\/15305\/revisions"}],"wp:featuredmedia":[{"embeddable":true,"href":"https:\/\/www.europesays.com\/de\/wp-json\/wp\/v2\/media\/15306"}],"wp:attachment":[{"href":"https:\/\/www.europesays.com\/de\/wp-json\/wp\/v2\/media?parent=15305"}],"wp:term":[{"taxonomy":"category","embeddable":true,"href":"https:\/\/www.europesays.com\/de\/wp-json\/wp\/v2\/categories?post=15305"},{"taxonomy":"post_tag","embeddable":true,"href":"https:\/\/www.europesays.com\/de\/wp-json\/wp\/v2\/tags?post=15305"}],"curies":[{"name":"wp","href":"https:\/\/api.w.org\/{rel}","templated":true}]}}