{"id":153054,"date":"2025-05-31T02:38:09","date_gmt":"2025-05-31T02:38:09","guid":{"rendered":"https:\/\/www.europesays.com\/de\/153054\/"},"modified":"2025-05-31T02:38:09","modified_gmt":"2025-05-31T02:38:09","slug":"niedersachsen-bremen-millionenschaeden-durch-sturm-hagel-und-ueberschwemmungen","status":"publish","type":"post","link":"https:\/\/www.europesays.com\/de\/153054\/","title":{"rendered":"Niedersachsen &#038; Bremen: Millionensch\u00e4den durch Sturm, Hagel und \u00dcberschwemmungen"},"content":{"rendered":"<p>                    Niedersachsen &amp; Bremen<br \/>\n                Millionensch\u00e4den durch Sturm, Hagel und \u00dcberschwemmungen<\/p>\n<p>\t\t\t\t              31.05.2025, 04:34 Uhr<\/p>\n<p><strong>Naturgefahren wegen \u00dcberschwemmungen oder Sturmsch\u00e4den haben sich im vergangenen Jahr in Niedersachsen bei den Versicherern bemerkbar gemacht. Die Schadenssumme ist gestiegen.<\/strong><\/p>\n<p>Hannover\/Bremen (dpa\/lni) &#8211; Die Versicherungsunternehmen haben in Niedersachsen im vergangenen Jahr mehr Sch\u00e4den durch Sturm, Hagel und \u00dcberschwemmungen regulieren m\u00fcssen als im Vorjahr. Das geht aus einer \u00dcbersicht des Gesamtverbandes der Deutschen Versicherungswirtschaft (GDV) hervor, die der dpa vorab vorliegt.\u00a0<\/p>\n<p>Die gesamten versicherten Naturgefahrensch\u00e4den in der Sach- und Kfz-Versicherung summierten in Niedersachsen auf 313 Millionen Euro, erkl\u00e4rte J\u00f6rg Asmussen, GDV-Hauptgesch\u00e4ftsf\u00fchrer. 2023 waren es nach seinen Angaben 272 Millionen Euro.\u00a0<\/p>\n<p>165 Millionen Euro f\u00fcr Starkregen und \u00dcberschwemmungen<\/p>\n<p>Der gr\u00f6\u00dfte Teil der Schadenssumme fiel mit 269 Millionen Euro in der Sachversicherung an, die Geb\u00e4ude und Hausrat sowie Gewerbe- und Industriebetriebe abdeckt. Davon wiederum entfielen nach Verbandsangaben 104 Millionen Euro auf Sch\u00e4den, die von Starkregen oder \u00dcberschwemmungen verursacht wurden und 165 Millionen Euro auf Sturm- und Hagelsch\u00e4den. Die Autoversicherer mussten in Niedersachsen 44 Millionen Euro f\u00fcr Naturgefahrensch\u00e4den aufbringen.\u00a0<\/p>\n<p>Schadenssumme in Bremen niedriger<\/p>\n<p>In Bremen war die Schadenssumme durch Naturgefahren im vergangenen Jahr mit 17 Millionen Euro niedriger als noch 2023, als die Versicherungsunternehmen 48 Millionen Euro aufwenden mussten.\u00a0<\/p>\n<p>F\u00fcr Sch\u00e4den an Geb\u00e4ude und Hausrat sowie an Gewerbe- und Industriebetrieben wurden versicherte Sch\u00e4den in H\u00f6he von 16 Millionen Euro verzeichnet. Jeweils 8 Millionen Euro entfielen dabei auf Sch\u00e4den aufgrund von Starkregen oder \u00dcberschwemmungen und auf Sturm- und Hagelsch\u00e4den. Die versicherten Kfz-Sch\u00e4den durch Naturgefahren betrugen in Bremen 1 Million Euro.<\/p>\n<p>Deutschlandweit 5,7 Milliarden Euro Sch\u00e4den<\/p>\n<p>Deutschlandweit lag die Schadenssumme bei Sach- und Kfz-Versicherern laut GDV bei 5,7 Milliarden Euro. Mehr als die H\u00e4lfte davon traf Bayern und Baden-W\u00fcrttemberg. Die gesamten Sch\u00e4den d\u00fcrften deutlich h\u00f6her liegen, da nicht alles versichert ist. &#8222;Allein Starkregenereignisse und \u00dcberschwemmungen schlugen mit 2,6 Milliarden Euro zu buche &#8211; rund eine Milliarde Euro mehr als im langj\u00e4hrigen Durchschnitt&#8220;, sagte Asmussen. Die Folgen des Klimawandels w\u00fcrden in Deutschland immer sp\u00fcrbarer.<\/p>\n","protected":false},"excerpt":{"rendered":"Niedersachsen &amp; Bremen Millionensch\u00e4den durch Sturm, Hagel und \u00dcberschwemmungen 31.05.2025, 04:34 Uhr Naturgefahren wegen \u00dcberschwemmungen oder Sturmsch\u00e4den haben&hellip;\n","protected":false},"author":2,"featured_media":153055,"comment_status":"","ping_status":"","sticky":false,"template":"","format":"standard","meta":{"footnotes":""},"categories":[1824],"tags":[2420,3364,29,30,18364,54216,1411,9608,1566],"class_list":{"0":"post-153054","1":"post","2":"type-post","3":"status-publish","4":"format-standard","5":"has-post-thumbnail","7":"category-bremen","8":"tag-bremen","9":"tag-de","10":"tag-deutschland","11":"tag-germany","12":"tag-hagel","13":"tag-millionenschaeden","14":"tag-niedersachsen","15":"tag-sturm","16":"tag-ueberschwemmungen"},"share_on_mastodon":{"url":"https:\/\/pubeurope.com\/@de\/114600129533950643","error":""},"_links":{"self":[{"href":"https:\/\/www.europesays.com\/de\/wp-json\/wp\/v2\/posts\/153054","targetHints":{"allow":["GET"]}}],"collection":[{"href":"https:\/\/www.europesays.com\/de\/wp-json\/wp\/v2\/posts"}],"about":[{"href":"https:\/\/www.europesays.com\/de\/wp-json\/wp\/v2\/types\/post"}],"author":[{"embeddable":true,"href":"https:\/\/www.europesays.com\/de\/wp-json\/wp\/v2\/users\/2"}],"replies":[{"embeddable":true,"href":"https:\/\/www.europesays.com\/de\/wp-json\/wp\/v2\/comments?post=153054"}],"version-history":[{"count":0,"href":"https:\/\/www.europesays.com\/de\/wp-json\/wp\/v2\/posts\/153054\/revisions"}],"wp:featuredmedia":[{"embeddable":true,"href":"https:\/\/www.europesays.com\/de\/wp-json\/wp\/v2\/media\/153055"}],"wp:attachment":[{"href":"https:\/\/www.europesays.com\/de\/wp-json\/wp\/v2\/media?parent=153054"}],"wp:term":[{"taxonomy":"category","embeddable":true,"href":"https:\/\/www.europesays.com\/de\/wp-json\/wp\/v2\/categories?post=153054"},{"taxonomy":"post_tag","embeddable":true,"href":"https:\/\/www.europesays.com\/de\/wp-json\/wp\/v2\/tags?post=153054"}],"curies":[{"name":"wp","href":"https:\/\/api.w.org\/{rel}","templated":true}]}}