{"id":153062,"date":"2025-05-31T02:42:11","date_gmt":"2025-05-31T02:42:11","guid":{"rendered":"https:\/\/www.europesays.com\/de\/153062\/"},"modified":"2025-05-31T02:42:11","modified_gmt":"2025-05-31T02:42:11","slug":"eine-massen-schlaegerei-auf-der-brackeler-kirmes","status":"publish","type":"post","link":"https:\/\/www.europesays.com\/de\/153062\/","title":{"rendered":"Eine Massen-Schl\u00e4gerei auf der Brackeler Kirmes"},"content":{"rendered":"<p>\t\tNordost-Geschichten<br \/>\n\t\t\t\t\tEine Massen-Schl\u00e4gerei auf der Brackeler Kirmes<\/p>\n<p>\t\t<img alt=\"\" src=\"https:\/\/www.europesays.com\/de\/wp-content\/uploads\/2025\/05\/630_0036_48786_.jpg\"  class=\"avatar avatar-36 photo avatar-default\" height=\"36\" width=\"36\" loading=\"lazy\" decoding=\"async\"\/>\t\t<a class=\"article-author__name\" href=\"https:\/\/www.ruhrnachrichten.de\/author\/andreas-schroeter\/\" rel=\"author noopener\" target=\"_blank\">Andreas Schr\u00f6ter<\/a><br \/>\n\t\tRedakteur<\/p>\n<p>\t31.05.2025 04:30 Uhr<\/p>\n<p>\t\tTeilen<\/p>\n<p>\n\tIn Merkliste \u00fcbernehmen\n<\/p>\n<p>    <a href=\"https:\/\/www.ruhrnachrichten.de\/wp-content\/uploads\/2025\/05\/30\/13\/630_0900_4753763_Design_ohne_Titel_20_-1648x824.jpg\" target=\"_blank\" rel=\"noopener\"><\/p>\n<p>            <img loading=\"lazy\" decoding=\"async\" src=\"https:\/\/www.europesays.com\/de\/wp-content\/uploads\/2025\/05\/630_0900_4753762_Design_ohne_Titel_20_-640x428.jpg\" width=\"640\" height=\"428\"  alt=\"Auf der Brackeler Kirmes soll es im Mittelalter eine Massenschl\u00e4gerei gegeben haben \u2013 ein Thema, das Andreas Schr\u00f6ter (Foto) in den Nordost-Geschichten aufgreift.\"\/><\/p>\n<p>    <\/a><br \/>\n    Auf der Brackeler Kirmes soll es im Mittelalter eine Massenschl\u00e4gerei gegeben haben &#8211; ein Thema, das Andreas Schr\u00f6ter (Foto) in den Nordost-Geschichten aufgreift. (Foto links mittels K\u00fcnstlicher Intelligenz erstellt) \u00a9 KI\/Schr\u00f6ter\/Montage: Schr\u00f6ter<\/p>\n<p class=\"article__teaser-text\">Einst sollen auf der Brackeler Kirmes heftig die F\u00e4uste geflogen sein &#8211; ein Thema f\u00fcr unsere Kolumne \u201eNordost-Geschichten\u201c.<\/p>\n<p>1 Min Lesezeit<\/p>\n<p>\n\t<a href=\"https:\/\/www.ruhrnachrichten.de\" class=\"button button--brand button--link home-button\" target=\"_blank\" rel=\"noopener\">Zur Startseite<\/a><\/p>\n","protected":false},"excerpt":{"rendered":"Nordost-Geschichten Eine Massen-Schl\u00e4gerei auf der Brackeler Kirmes Andreas Schr\u00f6ter Redakteur 31.05.2025 04:30 Uhr Teilen In Merkliste \u00fcbernehmen Auf&hellip;\n","protected":false},"author":2,"featured_media":153063,"comment_status":"","ping_status":"","sticky":false,"template":"","format":"standard","meta":{"footnotes":""},"categories":[1833],"tags":[10138,3364,29,217,30,497,1209],"class_list":{"0":"post-153062","1":"post","2":"type-post","3":"status-publish","4":"format-standard","5":"has-post-thumbnail","7":"category-dortmund","8":"tag-brackel","9":"tag-de","10":"tag-deutschland","11":"tag-dortmund","12":"tag-germany","13":"tag-historisches","14":"tag-nordrhein-westfalen"},"share_on_mastodon":{"url":"https:\/\/pubeurope.com\/@de\/114600145395331064","error":""},"_links":{"self":[{"href":"https:\/\/www.europesays.com\/de\/wp-json\/wp\/v2\/posts\/153062","targetHints":{"allow":["GET"]}}],"collection":[{"href":"https:\/\/www.europesays.com\/de\/wp-json\/wp\/v2\/posts"}],"about":[{"href":"https:\/\/www.europesays.com\/de\/wp-json\/wp\/v2\/types\/post"}],"author":[{"embeddable":true,"href":"https:\/\/www.europesays.com\/de\/wp-json\/wp\/v2\/users\/2"}],"replies":[{"embeddable":true,"href":"https:\/\/www.europesays.com\/de\/wp-json\/wp\/v2\/comments?post=153062"}],"version-history":[{"count":0,"href":"https:\/\/www.europesays.com\/de\/wp-json\/wp\/v2\/posts\/153062\/revisions"}],"wp:featuredmedia":[{"embeddable":true,"href":"https:\/\/www.europesays.com\/de\/wp-json\/wp\/v2\/media\/153063"}],"wp:attachment":[{"href":"https:\/\/www.europesays.com\/de\/wp-json\/wp\/v2\/media?parent=153062"}],"wp:term":[{"taxonomy":"category","embeddable":true,"href":"https:\/\/www.europesays.com\/de\/wp-json\/wp\/v2\/categories?post=153062"},{"taxonomy":"post_tag","embeddable":true,"href":"https:\/\/www.europesays.com\/de\/wp-json\/wp\/v2\/tags?post=153062"}],"curies":[{"name":"wp","href":"https:\/\/api.w.org\/{rel}","templated":true}]}}