{"id":153093,"date":"2025-05-31T03:00:08","date_gmt":"2025-05-31T03:00:08","guid":{"rendered":"https:\/\/www.europesays.com\/de\/153093\/"},"modified":"2025-05-31T03:00:08","modified_gmt":"2025-05-31T03:00:08","slug":"berlin-brandenburg-fluechtlingsunterkunft-in-neukoelln-umbauten-sind-beendet","status":"publish","type":"post","link":"https:\/\/www.europesays.com\/de\/153093\/","title":{"rendered":"Berlin &#038; Brandenburg: Fl\u00fcchtlingsunterkunft in Neuk\u00f6lln: Umbauten sind beendet"},"content":{"rendered":"<p>                    Berlin &amp; Brandenburg<br \/>\n                Fl\u00fcchtlingsunterkunft in Neuk\u00f6lln: Umbauten sind beendet<\/p>\n<p>\t\t\t\t              31.05.2025, 04:04 Uhr<\/p>\n<p><strong>In einem ehemaligen Seniorenheim in Neuk\u00f6lln entsteht eine Fl\u00fcchtlingsunterkunft. Die Umbauten sind durch, die M\u00f6bel fehlen noch. Ein Termin f\u00fcr den Start ist inzwischen absehbar.<\/strong><\/p>\n<p>Berlin (dpa\/bb) &#8211; Die Umbauarbeiten an der Gemeinschaftsunterkunft f\u00fcr Fl\u00fcchtlinge an der Sonnenallee in Neuk\u00f6lln sind inzwischen abgeschlossen. Die Unterkunft soll voraussichtlich ab 1. September genutzt werden, wie das Landesamt f\u00fcr Fl\u00fcchtlingsangelegenheiten (LAF) auf dpa-Anfrage mitteilte. Zuletzt sei die Heizungsanlage instand gesetzt worden. Nun m\u00fcssten die R\u00e4ume noch ausgestattet und m\u00f6bliert werden.\u00a0<\/p>\n<p>Das Geb\u00e4ude, in dem zuvor \u00fcber viele Jahre lang ein Seniorenpflegeheim untergebracht war, ist bereits offiziell ans LAF \u00fcbergeben worden. In der neuen Unterkunft sind 290 Pl\u00e4tze f\u00fcr Fl\u00fcchtlinge entstanden.\u00a0<\/p>\n<p>Den Angaben zufolge stehen f\u00fcr die k\u00fcnftigen Bewohner 101 unterschiedlich gro\u00dfe Zimmer f\u00fcr jeweils zwei oder drei Personen zur Verf\u00fcgung, teilweise mit angeschlossenem Sanit\u00e4rbereich.<\/p>\n<p>Vor dem Start gibt es einen Tag der offenen T\u00fcr<\/p>\n<p>In der neuen Gemeinschaftsunterkunft sollen sowohl Familien als auch Einzelpersonen untergebracht werden, die bisher in Aufnahmeeinrichtungen oder Notunterk\u00fcnften lebten.\u00a0<\/p>\n<p>In dem Geb\u00e4ude gibt es Gemeinschaftsr\u00e4ume, Gemeinschaftsk\u00fcchen, Gemeinschaftsb\u00e4der und im ersten Obergeschoss B\u00fcro- und Beratungsr\u00e4ume f\u00fcr den Betreiber.\u00a0<\/p>\n<p>Bevor die Unterkunft ab Anfang September genutzt wird, soll es einen Tag der offenen T\u00fcr f\u00fcr die Nachbarschaft geben, damit sich die Anwohner ein Bild von der Einrichtung machen k\u00f6nnen, wie das Landesamt ank\u00fcndigte. Der Termin werde derzeit mit dem Bezirk abgestimmt.<\/p>\n","protected":false},"excerpt":{"rendered":"Berlin &amp; Brandenburg Fl\u00fcchtlingsunterkunft in Neuk\u00f6lln: Umbauten sind beendet 31.05.2025, 04:04 Uhr In einem ehemaligen Seniorenheim in Neuk\u00f6lln&hellip;\n","protected":false},"author":2,"featured_media":153094,"comment_status":"","ping_status":"","sticky":false,"template":"","format":"standard","meta":{"footnotes":""},"categories":[1825],"tags":[296,1890,29,14260,30,526,49397],"class_list":{"0":"post-153093","1":"post","2":"type-post","3":"status-publish","4":"format-standard","5":"has-post-thumbnail","7":"category-berlin","8":"tag-berlin","9":"tag-brandenburg","10":"tag-deutschland","11":"tag-fluechtlingsunterkunft","12":"tag-germany","13":"tag-neukoelln","14":"tag-umbauten"},"share_on_mastodon":{"url":"https:\/\/pubeurope.com\/@de\/114600216095571621","error":""},"_links":{"self":[{"href":"https:\/\/www.europesays.com\/de\/wp-json\/wp\/v2\/posts\/153093","targetHints":{"allow":["GET"]}}],"collection":[{"href":"https:\/\/www.europesays.com\/de\/wp-json\/wp\/v2\/posts"}],"about":[{"href":"https:\/\/www.europesays.com\/de\/wp-json\/wp\/v2\/types\/post"}],"author":[{"embeddable":true,"href":"https:\/\/www.europesays.com\/de\/wp-json\/wp\/v2\/users\/2"}],"replies":[{"embeddable":true,"href":"https:\/\/www.europesays.com\/de\/wp-json\/wp\/v2\/comments?post=153093"}],"version-history":[{"count":0,"href":"https:\/\/www.europesays.com\/de\/wp-json\/wp\/v2\/posts\/153093\/revisions"}],"wp:featuredmedia":[{"embeddable":true,"href":"https:\/\/www.europesays.com\/de\/wp-json\/wp\/v2\/media\/153094"}],"wp:attachment":[{"href":"https:\/\/www.europesays.com\/de\/wp-json\/wp\/v2\/media?parent=153093"}],"wp:term":[{"taxonomy":"category","embeddable":true,"href":"https:\/\/www.europesays.com\/de\/wp-json\/wp\/v2\/categories?post=153093"},{"taxonomy":"post_tag","embeddable":true,"href":"https:\/\/www.europesays.com\/de\/wp-json\/wp\/v2\/tags?post=153093"}],"curies":[{"name":"wp","href":"https:\/\/api.w.org\/{rel}","templated":true}]}}