{"id":153112,"date":"2025-05-31T03:11:09","date_gmt":"2025-05-31T03:11:09","guid":{"rendered":"https:\/\/www.europesays.com\/de\/153112\/"},"modified":"2025-05-31T03:11:09","modified_gmt":"2025-05-31T03:11:09","slug":"neue-bvb-entwicklungen-kehl-trifft-bellingham-auf-ibiza-sport","status":"publish","type":"post","link":"https:\/\/www.europesays.com\/de\/153112\/","title":{"rendered":"Neue BVB-Entwicklungen: Kehl trifft Bellingham auf Ibiza | Sport"},"content":{"rendered":"<p><b>N\u00e4chstes Kapitel im Transfer-Krimi!<\/b><\/p>\n<p>Das Tauziehen um Mittelfeld-Juwel Jobe Bellingham (19) geht in die n\u00e4chste Runde. Wie \u201eSky\u201c und \u201eWAZ\u201c berichten, soll sich <a href=\"https:\/\/www.bild.de\/sport\/fussball\/borussia-dortmund\/startseite-bvb-31074434.bild.html\" class=\"text-link\" target=\"_blank\" rel=\"noopener\">Dortmunds<\/a> Sportdirektor Sebastian Kehl (45) auf der spanischen Urlaubsinsel Ibiza mit Ex-Borusse Jude (21\/Real Madrid) und Jobe getroffen haben. Ein weiterer Schritt, den englischen U21-Nationalspieler von einem Wechsel zu \u00fcberzeugen.<\/p>\n<p>Kehl trifft Bellingham auf Ibiza<\/p>\n<p><b>Zur Erinnerung: Schon vor Wochen reiste eine BVB-Delegation mit Sport-Boss Lars Ricken (48), Trainer Niko Kova\u010d (53) und Kehl nach Sunderland, um den Mini-Bellingham nach Dortmund zu lotsen. Letzten Sonntag machte sich dann Klub-Boss Hans-Joachim Watzke (65) auf den Weg zur Familie, umgarnte das Riesen-Talent. Jetzt scheinbar das n\u00e4chste Treffen mit Jobe.<\/b><\/p>\n<p>\u201eLimit erreicht!\u201c: Nagelsmann-Warnung an R\u00fcdiger<a href=\"https:\/\/www.bild.de\/sport\/fussball\/das-limit-ist-erreicht-deutliche-nagelsmann-warnung-an-ruediger-6839bb09f4f76439d7b431f4\" class=\"anchor\" target=\"_blank\" rel=\"noopener\"><img decoding=\"async\" width=\"992\" height=\"558\" alt=\"Teaser-Bild\" src=\"https:\/\/www.europesays.com\/de\/wp-content\/uploads\/2025\/05\/bb68ba29beedff0fb530e14068068d86,cfe4717e\"   class=\"landscape teaser__image\" loading=\"lazy\"\/><\/a><\/p>\n<p>Quelle: DFB-TV30.05.2025<\/p>\n<p>Dortmund muss auch Vollgas geben, weil neben dem Pott-Klub auch andere Vereine auf Bellingham hei\u00df sind. Allen voran: Eintracht Frankfurt. Die Hessen trafen die Familie am Montag, wollten ihn ebenfalls von einem Transfer \u00fcberzeugen. Auch Klubs aus England sollen im Poker mitmischen. Fakt ist: Sowohl der BVB als auch Frankfurt rechnen sich gute Chancen aus. Eine klare Tendenz gibt es nicht. Das k\u00f6nnte sich aber am Wochenende \u00e4ndern.<\/p>\n<p><b>Nach BILD-Informationen k\u00f6nnte es bereits am Sonntag eine Entscheidung geben. Die Gespr\u00e4che von Kehl mit den Bellingham-Br\u00fcdern soll gut verlaufen sein. Ein Indiz f\u00fcr einen Wechsel? Jein! Weiterhin soll alles offen sein.<\/b><\/p>\n<p>Lesen Sie auch<\/p>\n<p>Sollte es zur Einigung mit Jobe kommen, m\u00fcsste dann die Abl\u00f6se mit Premier-League-Aufsteiger Sunderland verhandelt werden. Der Insel-Klub will mindestens 25 Mio. Euro plus weitere Bonuszahlungen. Insgesamt k\u00f6nnte die Summe so auf rund 30 Mio. Euro anwachsen. Kohle, die der BVB auf jeden Fall bereit ist, f\u00fcr seinen Wunschspieler auszugeben.<\/p>\n<p><b>Bellingham hat auch eine gute sportliche Perspektive unter Trainer Kovac. So soll er neben Nmecha die neue Schaltzentrale der Borussia bilden. Spieler wie Marcel Sabitzer oder auch Pascal Gro\u00df sind nicht mehr unumstritten. Diesen Platz k\u00f6nnte der Engl\u00e4nder dann einnehmen.<\/b><\/p>\n","protected":false},"excerpt":{"rendered":"N\u00e4chstes Kapitel im Transfer-Krimi! Das Tauziehen um Mittelfeld-Juwel Jobe Bellingham (19) geht in die n\u00e4chste Runde. Wie \u201eSky\u201c&hellip;\n","protected":false},"author":2,"featured_media":153113,"comment_status":"","ping_status":"","sticky":false,"template":"","format":"standard","meta":{"footnotes":""},"categories":[136],"tags":[1263,27636,888,29,538,30,21015,957,803,265,819,45,1261,5132],"class_list":{"0":"post-153112","1":"post","2":"type-post","3":"status-publish","4":"format-standard","5":"has-post-thumbnail","7":"category-sport","8":"tag-aufmacher-bereich","9":"tag-bellingham-jude","10":"tag-borussia-dortmund","11":"tag-deutschland","12":"tag-erste-bundesliga","13":"tag-germany","14":"tag-kolsberger-sebastian","15":"tag-premier-league","16":"tag-spielertransfer","17":"tag-sport","18":"tag-sport-leuchtturm-essen","19":"tag-texttospeech","20":"tag-toralarm-top-news","21":"tag-weiler-joerg"},"share_on_mastodon":{"url":"https:\/\/pubeurope.com\/@de\/114600259354347208","error":""},"_links":{"self":[{"href":"https:\/\/www.europesays.com\/de\/wp-json\/wp\/v2\/posts\/153112","targetHints":{"allow":["GET"]}}],"collection":[{"href":"https:\/\/www.europesays.com\/de\/wp-json\/wp\/v2\/posts"}],"about":[{"href":"https:\/\/www.europesays.com\/de\/wp-json\/wp\/v2\/types\/post"}],"author":[{"embeddable":true,"href":"https:\/\/www.europesays.com\/de\/wp-json\/wp\/v2\/users\/2"}],"replies":[{"embeddable":true,"href":"https:\/\/www.europesays.com\/de\/wp-json\/wp\/v2\/comments?post=153112"}],"version-history":[{"count":0,"href":"https:\/\/www.europesays.com\/de\/wp-json\/wp\/v2\/posts\/153112\/revisions"}],"wp:featuredmedia":[{"embeddable":true,"href":"https:\/\/www.europesays.com\/de\/wp-json\/wp\/v2\/media\/153113"}],"wp:attachment":[{"href":"https:\/\/www.europesays.com\/de\/wp-json\/wp\/v2\/media?parent=153112"}],"wp:term":[{"taxonomy":"category","embeddable":true,"href":"https:\/\/www.europesays.com\/de\/wp-json\/wp\/v2\/categories?post=153112"},{"taxonomy":"post_tag","embeddable":true,"href":"https:\/\/www.europesays.com\/de\/wp-json\/wp\/v2\/tags?post=153112"}],"curies":[{"name":"wp","href":"https:\/\/api.w.org\/{rel}","templated":true}]}}