{"id":153211,"date":"2025-05-31T04:06:12","date_gmt":"2025-05-31T04:06:12","guid":{"rendered":"https:\/\/www.europesays.com\/de\/153211\/"},"modified":"2025-05-31T04:06:12","modified_gmt":"2025-05-31T04:06:12","slug":"mehr-uebergriffe-auf-krankenhauspersonal-welche-massnahmen-ergriffen-werden","status":"publish","type":"post","link":"https:\/\/www.europesays.com\/de\/153211\/","title":{"rendered":"Mehr \u00dcbergriffe auf Krankenhauspersonal, welche Ma\u00dfnahmen ergriffen werden"},"content":{"rendered":"<p class=\"text_ohne_einzug richtext text-em-55 !leading-serif mx-6 desktop:mx-0\">Sie werden angeschrien, angep\u00f6belt, bedroht oder gar k\u00f6rperlich angegriffen: Das pflegerische und \u00e4rztliche Personal an D\u00fcsseldorfer Kliniken ist immer h\u00e4ufiger verbalen und physischen \u00dcbergriffen durch Patienten oder deren Angeh\u00f6rige ausgesetzt. \u201eDie F\u00e4lle haben generell zugenommen. Meist handelt es sich nur um Gewaltdrohungen, aber in seltenen F\u00e4llen sind Mitarbeitende auch direkt k\u00f6rperlicher Gewalt ausgesetzt\u201c, sagt eine Sprecherin der Sch\u00f6n-Klinik.<\/p>\n","protected":false},"excerpt":{"rendered":"Sie werden angeschrien, angep\u00f6belt, bedroht oder gar k\u00f6rperlich angegriffen: Das pflegerische und \u00e4rztliche Personal an D\u00fcsseldorfer Kliniken ist&hellip;\n","protected":false},"author":2,"featured_media":153212,"comment_status":"","ping_status":"","sticky":false,"template":"","format":"standard","meta":{"footnotes":""},"categories":[1831],"tags":[3364,29,3405,30,1209,20452,20453],"class_list":{"0":"post-153211","1":"post","2":"type-post","3":"status-publish","4":"format-standard","5":"has-post-thumbnail","7":"category-duesseldorf","8":"tag-de","9":"tag-deutschland","10":"tag-duesseldorf","11":"tag-germany","12":"tag-nordrhein-westfalen","13":"tag-semiha","14":"tag-uenlue"},"share_on_mastodon":{"url":"https:\/\/pubeurope.com\/@de\/114600475584379424","error":""},"_links":{"self":[{"href":"https:\/\/www.europesays.com\/de\/wp-json\/wp\/v2\/posts\/153211","targetHints":{"allow":["GET"]}}],"collection":[{"href":"https:\/\/www.europesays.com\/de\/wp-json\/wp\/v2\/posts"}],"about":[{"href":"https:\/\/www.europesays.com\/de\/wp-json\/wp\/v2\/types\/post"}],"author":[{"embeddable":true,"href":"https:\/\/www.europesays.com\/de\/wp-json\/wp\/v2\/users\/2"}],"replies":[{"embeddable":true,"href":"https:\/\/www.europesays.com\/de\/wp-json\/wp\/v2\/comments?post=153211"}],"version-history":[{"count":0,"href":"https:\/\/www.europesays.com\/de\/wp-json\/wp\/v2\/posts\/153211\/revisions"}],"wp:featuredmedia":[{"embeddable":true,"href":"https:\/\/www.europesays.com\/de\/wp-json\/wp\/v2\/media\/153212"}],"wp:attachment":[{"href":"https:\/\/www.europesays.com\/de\/wp-json\/wp\/v2\/media?parent=153211"}],"wp:term":[{"taxonomy":"category","embeddable":true,"href":"https:\/\/www.europesays.com\/de\/wp-json\/wp\/v2\/categories?post=153211"},{"taxonomy":"post_tag","embeddable":true,"href":"https:\/\/www.europesays.com\/de\/wp-json\/wp\/v2\/tags?post=153211"}],"curies":[{"name":"wp","href":"https:\/\/api.w.org\/{rel}","templated":true}]}}