{"id":153215,"date":"2025-05-31T04:08:12","date_gmt":"2025-05-31T04:08:12","guid":{"rendered":"https:\/\/www.europesays.com\/de\/153215\/"},"modified":"2025-05-31T04:08:12","modified_gmt":"2025-05-31T04:08:12","slug":"unterkunft-in-stuttgart-schoenberg-haeufige-fehlalarme-in-fluechtlingsheim-2","status":"publish","type":"post","link":"https:\/\/www.europesays.com\/de\/153215\/","title":{"rendered":"Unterkunft in Stuttgart-Sch\u00f6nberg: H\u00e4ufige Fehlalarme in Fl\u00fcchtlingsheim"},"content":{"rendered":"<p>Der 75-j\u00e4hrige hat irgendwann angefangen Buch zu f\u00fchren: \u201eDas letzte Mal war am 9. Mai die <a href=\"https:\/\/www.stuttgarter-zeitung.de\/thema\/Feuerwehr\" title=\"Feuerwehr\" class=\"art_thema\" target=\"_blank\" rel=\"noopener\">Feuerwehr<\/a> da\u201c, sagt der Anwohner des R\u00f6hrlingwegs in <a href=\"https:\/\/www.stuttgarter-zeitung.de\/thema\/Sch%C3%B6nberg\" title=\"Sch\u00f6nberg\" class=\"art_thema\" target=\"_blank\" rel=\"noopener\">Sch\u00f6nberg<\/a>. Seinen Namen will er nicht in der Zeitung lesen. Doch er ist bereit zu erz\u00e4hlen.<\/p>\n<p>\u201eEigentlich kommt die Feuerwehr fast jede Woche\u201c, sagt der Mann. Von seinem Balkon hat er einen guten Blick auf die <a href=\"https:\/\/www.stuttgarter-zeitung.de\/thema\/Fl%C3%BCchtlinge\" title=\"Fl\u00fcchtling\" class=\"art_thema\" target=\"_blank\" rel=\"noopener\">Fl\u00fcchtling<\/a>sunterkunft in seiner Nachbarschaft, um deren Betrieb lange im Stadtteil gestritten wurde. Er pflege durchaus freundliche Kontakte zu einigen Anwohnern, erz\u00e4hlt er. Doch neben dem L\u00e4rm in den Abendstunden seien vor allem die vielen Feuerwehreins\u00e4tze ein \u00c4rgernis. Er schaut in sein Notizbuch: \u201e22.30 Uhr war es beim letzten Mal.\u201c Davor stand die Feuerwehr allein im Mai vier Mal vor der Unterkunft. \u201eFast alles Fehlalarme\u201c, sagt er.<\/p>\n<p>Auf Anfrage best\u00e4tigt Daniel Anand, Sprecher der <a href=\"https:\/\/www.stuttgarter-zeitung.de\/thema\/Stuttgart\" title=\"Stuttgart\" class=\"art_thema\" target=\"_blank\" rel=\"noopener\">Stuttgart<\/a>er Feuerwehr, dass seit dem 1. Februar vergangenen Jahres tats\u00e4chlich 26 Eins\u00e4tze zur Fl\u00fcchtlingsunterkunft in Sch\u00f6nberg gefahren worden seien. \u201eIn der Tat gibt es hierbei eine deutliche H\u00e4ufung seit Ende April.\u201c In letzter Zeit w\u00fcrden die Handfeuermelder in der Einrichtung \u201eauch b\u00f6swillig ausgel\u00f6st\u201c. Bei f\u00fcnf von sieben Brandmeldungen war das der Fall. In nur zwei F\u00e4llen gab es einen Kleinbrand in einer K\u00fcche sowie Staubentwicklung bei Bohrarbeiten.<\/p>\n<p>Die Fl\u00fcchtlingsunterkunft hat Platz f\u00fcr 320 Menschen <\/p>\n<p>Dass das Problem in den letzten Monaten geh\u00e4uft auftritt, erkl\u00e4rt sich der 75-j\u00e4hrige Anwohner des R\u00f6hrlingwegs damit, dass die Einrichtung inzwischen gef\u00fcllt sei. \u201eAls nur rund 75 Menschen hier wohnten, war es noch ruhig\u201c, sagt er. In dem ehemalige Altenpflegeheim k\u00f6nnen bis zu 320 Personen untergebracht werden. Bei den Feueralarmen, so schildert der Nachbar, verlasse aber kaum jemand das Geb\u00e4ude.<\/p>\n<p>Der Aufwand, den die Feuerwehr betreiben muss, wenn hier ein Brand gemeldet wird, ist betr\u00e4chtlich. \u201eDa dieses Geb\u00e4ude aufgrund der Gr\u00f6\u00dfe als Sonderobjekt eingestuft ist, wird eine erh\u00f6hte Alarmstufe ausgel\u00f6st\u201c, erkl\u00e4rt Anand. \u201eBei einem Einsatz fahren deshalb rund 13 Einsatzfahrzeuge von Berufsfeuerwehr und Freiwilliger Feuerwehr mit 36 Einsatzkr\u00e4ften die Einsatzstelle an.\u201c Auch die Polizei ermittelt inzwischen aufgrund der b\u00f6swillig ausgel\u00f6sten Brandmeldungen. Verursacher seien jedoch noch nicht ausfindig gemacht worden, erkl\u00e4rt eine Polizeisprecherin auf Nachfrage.<\/p>\n<p>Jeder Fehlalarm kostet die Stadt rund 2200 Euro <\/p>\n<p>Die Kosten pro Fehlalarm beziffert die Feuerwehr mit rund 2200 Euro. Bleibt also die Frage, wer f\u00fcr die vielen unn\u00f6tigen Eins\u00e4tze finanziell aufkommt. Die Stadtverwaltung erkl\u00e4rt dazu, dass \u201eein Fehlalarm in dieser Unterkunft ein besonderes Problem darstelle, weil bei einem Alarm automatisch die Feuerwehr informiert werde. \u201eEine Unterbrechung der direkten Alarmaufschaltung zur Feuerwehr ist jedoch nicht m\u00f6glich\u201c, so Sven Matis, Sprecher der Stadt. Werde kein Schuldiger ermittelt, m\u00fcsse das st\u00e4dtische Liegenschaftsamt die Kosten f\u00fcr die Feuerwehreins\u00e4tze tragen.<\/p>\n<p>Der Sprecher bet\u00e4tigt zudem, dass das Problem nicht auf Sch\u00f6nberg begrenzt sei. Brandmeldeanlagen und Rauchwarnmelder werden in Fl\u00fcchtlingsunterk\u00fcnften in Stuttgart demnach \u201ein unterschiedlichen Zeitabst\u00e4nden durch die Bewohner manipuliert oder der Fehlalarm werde durch Besch\u00e4digungen ausgel\u00f6st\u201c, hei\u00dft es. Jede Sachbesch\u00e4digung sowie das mutwillige Ausl\u00f6sen eines Fehlalarms zeige die Stadt polizeilich an, so Matis. Eine stadtweite Statistik \u00fcber die Fehlalarme werde nicht gef\u00fchrt.<\/p>\n<p>Wie die Stadt weiter betont, seien in diesen F\u00e4llen die jeweiligen Heimleitungen der Unterk\u00fcnfte gefragt. Sie sollten die Problematik mit den Gefl\u00fcchteten thematisieren und entsprechend auf eine Verhaltens\u00e4nderung hinwirken. Speziell in der Sch\u00f6nberger Unterkunft will die Stadtverwaltung nun pr\u00fcfen, ob in den Gemeinschaftsk\u00fcchen anstelle von Rauchwarnmeldern Hitzemelder installiert werden k\u00f6nnten. \u201eDas w\u00fcrde\u201c, sagt Matis, \u201edie Gefahr eines Fehlalarms beim Kochen reduzieren.\u201c<\/p>\n","protected":false},"excerpt":{"rendered":"Der 75-j\u00e4hrige hat irgendwann angefangen Buch zu f\u00fchren: \u201eDas letzte Mal war am 9. Mai die Feuerwehr da\u201c,&hellip;\n","protected":false},"author":2,"featured_media":152048,"comment_status":"","ping_status":"","sticky":false,"template":"","format":"standard","meta":{"footnotes":""},"categories":[1830],"tags":[1634,3364,29,985,5249,30,53977,1441],"class_list":{"0":"post-153215","1":"post","2":"type-post","3":"status-publish","4":"format-standard","5":"has-post-thumbnail","7":"category-stuttgart","8":"tag-baden-wuerttemberg","9":"tag-de","10":"tag-deutschland","11":"tag-feuerwehr","12":"tag-fluechtlinge","13":"tag-germany","14":"tag-schoenberg","15":"tag-stuttgart"},"share_on_mastodon":{"url":"https:\/\/pubeurope.com\/@de\/114600483514520940","error":""},"_links":{"self":[{"href":"https:\/\/www.europesays.com\/de\/wp-json\/wp\/v2\/posts\/153215","targetHints":{"allow":["GET"]}}],"collection":[{"href":"https:\/\/www.europesays.com\/de\/wp-json\/wp\/v2\/posts"}],"about":[{"href":"https:\/\/www.europesays.com\/de\/wp-json\/wp\/v2\/types\/post"}],"author":[{"embeddable":true,"href":"https:\/\/www.europesays.com\/de\/wp-json\/wp\/v2\/users\/2"}],"replies":[{"embeddable":true,"href":"https:\/\/www.europesays.com\/de\/wp-json\/wp\/v2\/comments?post=153215"}],"version-history":[{"count":0,"href":"https:\/\/www.europesays.com\/de\/wp-json\/wp\/v2\/posts\/153215\/revisions"}],"wp:featuredmedia":[{"embeddable":true,"href":"https:\/\/www.europesays.com\/de\/wp-json\/wp\/v2\/media\/152048"}],"wp:attachment":[{"href":"https:\/\/www.europesays.com\/de\/wp-json\/wp\/v2\/media?parent=153215"}],"wp:term":[{"taxonomy":"category","embeddable":true,"href":"https:\/\/www.europesays.com\/de\/wp-json\/wp\/v2\/categories?post=153215"},{"taxonomy":"post_tag","embeddable":true,"href":"https:\/\/www.europesays.com\/de\/wp-json\/wp\/v2\/tags?post=153215"}],"curies":[{"name":"wp","href":"https:\/\/api.w.org\/{rel}","templated":true}]}}