{"id":153324,"date":"2025-05-31T05:09:22","date_gmt":"2025-05-31T05:09:22","guid":{"rendered":"https:\/\/www.europesays.com\/de\/153324\/"},"modified":"2025-05-31T05:09:22","modified_gmt":"2025-05-31T05:09:22","slug":"nach-32-jahren-brutaler-cold-case-wohl-geloest","status":"publish","type":"post","link":"https:\/\/www.europesays.com\/de\/153324\/","title":{"rendered":"Nach 32 Jahren! Brutaler Cold Case wohl gel\u00f6st"},"content":{"rendered":"<p>Tatverd\u00e4chtiger soll 29-J\u00e4hrige ermordet habenNach 32 Jahren! Brutaler Cold Case wohl gel\u00f6st<img alt=\"Mehr als 32 Jahre nach dem gewaltsamen Tod einer 29 Jahre alten Frau in Bonn hat die Polizei in dem bislang ungekl\u00e4rten Fall einen Tatverd\u00e4chtigen ermittelt. (Symbolbild)\" loading=\"lazy\" width=\"940\" height=\"529\" decoding=\"async\" data-nimg=\"1\" class=\"Image_image__SdgLQ Picture_image__vGN9W\" style=\"color:transparent\"   src=\"https:\/\/www.europesays.com\/de\/wp-content\/uploads\/2025\/05\/mehr-als-32-jahre-nach-dem-gewaltsamen-tod-einer-29-jahre-alten-frau-in-bonn-hat-die-polizei-in-dem-.webp\"\/><\/p>\n<p>Die Polizei hat einen Tatverd\u00e4chtigen festgenommen. (Symbolbild)<\/p>\n<p>Marcus Brandt\/dpa<\/p>\n<p>30. Mai 2025 um 13:56 Uhr<\/p>\n<p class=\"Typography_text-default__wldUd Typography_align-left__koBUM AnnotatedMarkup_paragraph__IUT9l\"><strong>Endlich klicken die Handschellen!<\/strong><br \/>Im Oktober 1992 verliert eine Frau in Bonn brutal das Leben. Jahrzehntelang sucht die Polizei nach dem T\u00e4ter, nach mehr als 32 Jahren gelingt den Ermittlern nun eine Festnahme. Wurde der Cold Case endlich aufgekl\u00e4rt?<\/p>\n<p>Frau in Bonn wurde 1992 ermordet<\/p>\n<p class=\"Typography_text-default__wldUd Typography_align-left__koBUM AnnotatedMarkup_paragraph__IUT9l\">Mehr als 32 Jahre nach dem gewaltsamen Tod einer 29-j\u00e4hrigen Frau in Bonn hat die Polizei in dem bislang ungekl\u00e4rten Fall einen Tatverd\u00e4chtigen ermittelt. Der 59-J\u00e4hrige sei am Mittwoch (28. Mai) in seiner Wohnung im rheinland-pf\u00e4lzischen Bad Breisig, etwa 25 Kilometer von Bonn entfernt, festgenommen worden und sitze wegen Mordes in Untersuchungshaft, teilte die Polizei in Bonn mit.<\/p>\n<p class=\"Typography_text-default__wldUd Typography_align-left__koBUM AnnotatedMarkup_paragraph__IUT9l\"><strong>Lese-Tipp:<\/strong> <a href=\"https:\/\/www.rtl.de\/news\/cold-case-in-australien-jessica-15-entfuehrt-und-wohl-ermordet-polizei-setzt-millionen-belohnung-aus-id4359356.html\" target=\"_self\" rel=\"noopener\">Jessica (15) entf\u00fchrt und ermordet \u2013 Polizei setzt Millionen-Belohnung in Cold Case aus<\/a><\/p>\n<p class=\"Typography_text-default__wldUd Typography_align-left__koBUM AnnotatedMarkup_paragraph__IUT9l\">Der Cold Case dreht sich um den Tod der Frau im Bonner Stadtteil Bad Godesberg. Die Leiche wurde am 18. Oktober 1992 mit deutlichen Gewaltspuren in einer Erdgeschosswohnung entdeckt, als Einsatzkr\u00e4fte dort einen Brand l\u00f6schten. Im Zuge der wieder aufgenommenen Ermittlungen wurden Tatort-Spuren erneut untersucht und ausgewertet. Dadurch geriet der 59-j\u00e4hrige Deutsche unter Tatverdacht.<\/p>\n<p>Video-Tipp: Wer ist ihr M\u00f6rder? Ulla Lilienthal seit 40 Jahren tot<\/p>\n<p>02:00 min<\/p>\n<p>Interview mit ihrer Schwester<\/p>\n<p>Wer ist ihr M\u00f6rder? Ulla Lilienthal seit 40 Jahren tot<\/p>\n<p>Anzeige:<\/p>\n<p>Empfehlungen unserer Partner<\/p>\n<p>\u201eDer Rechtsstaat bleibt wachsam\u201c<\/p>\n<p class=\"Typography_text-default__wldUd Typography_align-left__koBUM AnnotatedMarkup_paragraph__IUT9l\">Die Polizei machte keine weiteren Angaben zur Get\u00f6teten, zu dem Beschuldigten und ob sie in einer Beziehung zueinander standen. Auch blieb unklar, welche Spuren zu dem Tatverd\u00e4chtigen f\u00fchrten. Die Ermittlungen seien nicht abgeschlossen, betonte die Polizei.<\/p>\n<p class=\"Typography_text-default__wldUd Typography_align-left__koBUM AnnotatedMarkup_paragraph__IUT9l\"><strong>Lese-Tipp: <\/strong><a href=\"https:\/\/www.rtl.de\/news\/cold-case-in-mettmann-toetete-er-seinen-mitbewohner-mit-einem-messer-mann-61-festgenommen-id4382303.html\" target=\"_self\" rel=\"noopener\">T\u00f6tete er seinen Mitbewohner mit einem Messer? Mann (61) festgenommen<\/a><\/p>\n<p><img alt=\"NRW-Innenminister Herbert Reul (CDU) legte Zahlen zu T\u00f6tungsdelikten mit Schusswaffen vor. (Archivbild)\" loading=\"lazy\" width=\"940\" height=\"529\" decoding=\"async\" data-nimg=\"1\" class=\"Image_image__SdgLQ Picture_image__vGN9W\" style=\"color:transparent\"   src=\"https:\/\/www.europesays.com\/de\/wp-content\/uploads\/2025\/05\/nrw-innenminister-herbert-reul-cdu-legte-zahlen-zu-totungsdelikten-mit-schusswaffen-vor-archivbild.w.webp\"\/><\/p>\n<p>NRW-Innenminister Herbert Reul lobt die Arbeit der Ermittler. <\/p>\n<p>Henning Kaiser\/dpa<\/p>\n<p class=\"Typography_text-default__wldUd Typography_align-left__koBUM AnnotatedMarkup_paragraph__IUT9l\">NRW-Innenminister Herbert Reul sprach von einem herausragenden Ermittlungserfolg. Auch nach Jahrzehnten sei es m\u00f6glich, F\u00e4lle zu l\u00f6sen und T\u00e4ter zur Rechenschaft zu ziehen. \u201eDieser Cold Case sendet ein starkes Signal: Der Rechtsstaat bleibt wachsam\u201c, erkl\u00e4rte der CDU-Politiker.<\/p>\n<p class=\"Typography_text-default__wldUd Typography_align-left__koBUM AnnotatedMarkup_paragraph__IUT9l\">Am Polizeipr\u00e4sidium Bonn bearbeitet eine vierk\u00f6pfige Ermittlergruppe ungel\u00f6ste, alte Kriminalf\u00e4lle. Die Gruppe besteht aus zwei Kriminalbeamten und zwei ehemaligen Mordermittlern, die nach ihrer Pensionierung als \u201eSenior-Experts\u201c weitermachen. (fkl\/dpa)<\/p>\n","protected":false},"excerpt":{"rendered":"Tatverd\u00e4chtiger soll 29-J\u00e4hrige ermordet habenNach 32 Jahren! Brutaler Cold Case wohl gel\u00f6st Die Polizei hat einen Tatverd\u00e4chtigen festgenommen.&hellip;\n","protected":false},"author":2,"featured_media":153325,"comment_status":"","ping_status":"","sticky":false,"template":"","format":"standard","meta":{"footnotes":""},"categories":[1842],"tags":[331,338,332,339,1741,3364,29,344,342,343,30,335,329,336,334,341,330,337,333,1209,328,327,12,340],"class_list":{"0":"post-153324","1":"post","2":"type-post","3":"status-publish","4":"format-standard","5":"has-post-thumbnail","7":"category-bonn","8":"tag-aktuelle-nachrichten","9":"tag-aktuelle-nachrichten-auf-einen-blick","10":"tag-aktuelle-news","11":"tag-aktuelle-themen-in-der-welt","12":"tag-bonn","13":"tag-de","14":"tag-deutschland","15":"tag-ems_-news","16":"tag-ems_news_newsausland","17":"tag-ems_news_newsinland","18":"tag-germany","19":"tag-nachrichten-aus-aller-welt","20":"tag-nachrichten-deutschland","21":"tag-nachrichten-heute","22":"tag-nachrichten-international","23":"tag-nachrichten-usa","24":"tag-news-deutschland","25":"tag-news-heute","26":"tag-news-international","27":"tag-nordrhein-westfalen","28":"tag-rtl-nachrichten","29":"tag-rtl-news","30":"tag-schlagzeilen","31":"tag-usa-news"},"share_on_mastodon":{"url":"https:\/\/pubeurope.com\/@de\/114600723426625930","error":""},"_links":{"self":[{"href":"https:\/\/www.europesays.com\/de\/wp-json\/wp\/v2\/posts\/153324","targetHints":{"allow":["GET"]}}],"collection":[{"href":"https:\/\/www.europesays.com\/de\/wp-json\/wp\/v2\/posts"}],"about":[{"href":"https:\/\/www.europesays.com\/de\/wp-json\/wp\/v2\/types\/post"}],"author":[{"embeddable":true,"href":"https:\/\/www.europesays.com\/de\/wp-json\/wp\/v2\/users\/2"}],"replies":[{"embeddable":true,"href":"https:\/\/www.europesays.com\/de\/wp-json\/wp\/v2\/comments?post=153324"}],"version-history":[{"count":0,"href":"https:\/\/www.europesays.com\/de\/wp-json\/wp\/v2\/posts\/153324\/revisions"}],"wp:featuredmedia":[{"embeddable":true,"href":"https:\/\/www.europesays.com\/de\/wp-json\/wp\/v2\/media\/153325"}],"wp:attachment":[{"href":"https:\/\/www.europesays.com\/de\/wp-json\/wp\/v2\/media?parent=153324"}],"wp:term":[{"taxonomy":"category","embeddable":true,"href":"https:\/\/www.europesays.com\/de\/wp-json\/wp\/v2\/categories?post=153324"},{"taxonomy":"post_tag","embeddable":true,"href":"https:\/\/www.europesays.com\/de\/wp-json\/wp\/v2\/tags?post=153324"}],"curies":[{"name":"wp","href":"https:\/\/api.w.org\/{rel}","templated":true}]}}