{"id":153354,"date":"2025-05-31T05:26:25","date_gmt":"2025-05-31T05:26:25","guid":{"rendered":"https:\/\/www.europesays.com\/de\/153354\/"},"modified":"2025-05-31T05:26:25","modified_gmt":"2025-05-31T05:26:25","slug":"japanisches-unternehmen-komatsu-baut-werk-in-benrath-aus","status":"publish","type":"post","link":"https:\/\/www.europesays.com\/de\/153354\/","title":{"rendered":"japanisches Unternehmen Komatsu baut Werk in Benrath aus"},"content":{"rendered":"<p class=\"text_ohne_einzug richtext text-em-55 !leading-serif mx-6 desktop:mx-0\">Im Rahmen seiner Unternehmenstour besuchte Oberb\u00fcrgermeister <a href=\"https:\/\/rp-online.de\/thema\/stephan-keller\/\" target=\"_blank\" rel=\"noopener\">Stephan Keller<\/a> nach Juli 2024 jetzt erneut das in Benrath ans\u00e4ssige japanische Unternehmen <a href=\"https:\/\/rp-online.de\/thema\/komatsu\/\" target=\"_blank\" rel=\"noopener\">Komatsu<\/a> Germany GmbH &#8211; Mining Division. Mit ihrem gro\u00df angelegten Investitionsprojekt \u201ePlant 2030&#8243; stellt der Hersteller von Gro\u00dfhydraulikbaggern die Weichen f\u00fcr eine zukunftssichere Produktion am traditionsreichen Standort an der Forststra\u00dfe, hei\u00dft es in dazu in einer Pressemitteilung von Stadt und Komatsu.<\/p>\n<p class=\"richtext text-em-55 !leading-serif mx-6 desktop:mx-0\">Bei dem Termin stellte das Unternehmen auch seine geplanten umfangreichen Modernisierungs- und Neubauarbeiten vor, die bei laufendem Betrieb umgesetzt werden sollen. Bis Ende 2029 sollen diese abgeschlossen sein. Im Beisein der beiden Vorst\u00e4nde der Komatsu Ltd., Korekiyo Yanagisawa und Peter Salditt, sowie des deutschen F\u00fchrungsteams um Gesch\u00e4ftsf\u00fchrer Ansgar Thole, informierte sich OB Keller \u00fcber das geplante Projekt.<\/p>\n<p class=\"richtext text-em-55 !leading-serif mx-6 desktop:mx-0\">Das ist nat\u00fcrlich auch f\u00fcr die Anwohner von Interesse. Liegt das Industrieunternehmen doch mit drei seiner vier Seiten nah zur Wohnbebauung. Im Fokus des Projekts steht die umfassende Modernisierung der Werksstruktur. Veraltete Geb\u00e4ude werden abgerissen, um Platz f\u00fcr eine neue, hochmoderne Werkhalle zu schaffen. Diese wird speziell auf die Anforderungen bei der Fertigung immer gr\u00f6\u00dferer und leistungsf\u00e4higerer Maschinen \u2013 wie beispielsweise des Gro\u00dfhydraulikbaggers PC9000 \u2013 ausgelegt. Parallel dazu werden bestehende Bereiche umfassend modernisiert. Au\u00dferdem werden neue Logistikfl\u00e4chen realisiert, die auf optimierte Materialfl\u00fcsse und effizientere Abl\u00e4ufe ausgerichtet sind.<\/p>\n<p class=\"richtext text-em-55 !leading-serif mx-6 desktop:mx-0\">\u201eDas Projekt \u201aPlant 2030\u2018 ist ein starkes Bekenntnis zum Industriestandort D\u00fcsseldorf&#8220;, sagte Keller beim Termin: \u201eKomatsu investiert nicht nur in moderne Fertigungsstrukturen, sondern auch in die Zukunft unseres Wirtschaftsstandorts und in den Erhalt qualifizierter Arbeitspl\u00e4tze. Solche Vorhaben zeigen, dass D\u00fcsseldorf ein attraktiver und zukunftsf\u00e4higer Produktionsstandort bleibt. Ich danke den Entscheidungstr\u00e4gern f\u00fcr das gro\u00dfe Vertrauen, dass sie in unseren Standort setzen.&#8220;<\/p>\n<p class=\"richtext text-em-55 !leading-serif mx-6 desktop:mx-0\">Das bekr\u00e4ftigte auch Ansgar Thole, Komatsu Germany: \u201eMit dieser Investition treiben wir die Weiterentwicklung unseres Standorts gezielt voran. Durch moderne Produktionsstrukturen schaffen wir die Voraussetzungen, auch k\u00fcnftig Maschinen auf h\u00f6chstem technologischem Niveau zu fertigen \u2013 und zugleich qualifizierte Arbeitspl\u00e4tze langfristig zu sichern.\u201c<\/p>\n<p class=\"text_ohne_einzug richtext text-em-55 !leading-serif mx-6 desktop:mx-0\">Der PC9000 ist der bislang gr\u00f6\u00dfte Hydraulikbagger im Komatsu-Portfolio und gr\u00f6\u00dfter Hydraulikbagger der Welt. Er wiegt rund 900 Tonnen und wird exklusiv in D\u00fcsseldorf gefertigt. Mit \u201ePlant 2030&#8243; verfolgt Komatsu nach eigenen Angaben das Ziel, die internationale Wettbewerbsf\u00e4higkeit des Standorts weiter zu st\u00e4rken und langfristig zu sichern. Ein besonderes Augenmerk liegt unter anderem auf Digitalisierung und energieeffizienten Prozessen \u2013 einschlie\u00dflich der Reduktion von Transportwegen und damit verbundenem Verkehrsl\u00e4rm. Komatsu setze hier ein starkes Zeichen f\u00fcr Nachhaltigkeit, Innovation und industrielle St\u00e4rke in Deutschland.<\/p>\n<p class=\"richtext text-em-55 !leading-serif mx-6 desktop:mx-0\">In Benrath entwickelt und fertigt Komatsu leistungsstarke Hydraulikbagger f\u00fcr den weltweiten Einsatz im Tagebau. Das Unternehmen ist bereits seit 1939 in Benrath beheimatet, denn die heutige Komatsu Germany ist aus der <a href=\"https:\/\/rp-online.de\/thema\/mannesmann\/\" target=\"_blank\" rel=\"noopener\">Mannesmann<\/a> Demag Baumaschinen GmbH hervorgegangen. Die Maschinen werden von der Forststra\u00dfe aus in alle Welt exportiert. Zudem werden am Standort die Ersatzteillogistik sowie der Service abgewickelt. Der angrenzende Reisholzer Hafen dient als zentraler Umschlagplatz f\u00fcr die Verschiffung der Bagger. Mit mehr als 900 Mitarbeiterinnen und Mitarbeitern ist Komatsu der gr\u00f6\u00dfte japanische Arbeitgeber am Standort D\u00fcsseldorf.<\/p>\n","protected":false},"excerpt":{"rendered":"Im Rahmen seiner Unternehmenstour besuchte Oberb\u00fcrgermeister Stephan Keller nach Juli 2024 jetzt erneut das in Benrath ans\u00e4ssige japanische&hellip;\n","protected":false},"author":2,"featured_media":153355,"comment_status":"","ping_status":"","sticky":false,"template":"","format":"standard","meta":{"footnotes":""},"categories":[1831],"tags":[18319,12180,3364,29,3405,54291,30,42377,16026,3744,12887,1209,3748,14200,54290,17016,54289],"class_list":{"0":"post-153354","1":"post","2":"type-post","3":"status-publish","4":"format-standard","5":"has-post-thumbnail","7":"category-duesseldorf","8":"tag-18319","9":"tag-benrath","10":"tag-de","11":"tag-deutschland","12":"tag-duesseldorf","13":"tag-geplante","14":"tag-germany","15":"tag-industriestandort","16":"tag-japanische","17":"tag-keller","18":"tag-komatsu","19":"tag-nordrhein-westfalen","20":"tag-oberbuergermeister","21":"tag-plant","22":"tag-produktionsstandort","23":"tag-standort","24":"tag-wirtschaftsstandorts"},"share_on_mastodon":{"url":"https:\/\/pubeurope.com\/@de\/114600790285460572","error":""},"_links":{"self":[{"href":"https:\/\/www.europesays.com\/de\/wp-json\/wp\/v2\/posts\/153354","targetHints":{"allow":["GET"]}}],"collection":[{"href":"https:\/\/www.europesays.com\/de\/wp-json\/wp\/v2\/posts"}],"about":[{"href":"https:\/\/www.europesays.com\/de\/wp-json\/wp\/v2\/types\/post"}],"author":[{"embeddable":true,"href":"https:\/\/www.europesays.com\/de\/wp-json\/wp\/v2\/users\/2"}],"replies":[{"embeddable":true,"href":"https:\/\/www.europesays.com\/de\/wp-json\/wp\/v2\/comments?post=153354"}],"version-history":[{"count":0,"href":"https:\/\/www.europesays.com\/de\/wp-json\/wp\/v2\/posts\/153354\/revisions"}],"wp:featuredmedia":[{"embeddable":true,"href":"https:\/\/www.europesays.com\/de\/wp-json\/wp\/v2\/media\/153355"}],"wp:attachment":[{"href":"https:\/\/www.europesays.com\/de\/wp-json\/wp\/v2\/media?parent=153354"}],"wp:term":[{"taxonomy":"category","embeddable":true,"href":"https:\/\/www.europesays.com\/de\/wp-json\/wp\/v2\/categories?post=153354"},{"taxonomy":"post_tag","embeddable":true,"href":"https:\/\/www.europesays.com\/de\/wp-json\/wp\/v2\/tags?post=153354"}],"curies":[{"name":"wp","href":"https:\/\/api.w.org\/{rel}","templated":true}]}}