{"id":153417,"date":"2025-05-31T06:01:13","date_gmt":"2025-05-31T06:01:13","guid":{"rendered":"https:\/\/www.europesays.com\/de\/153417\/"},"modified":"2025-05-31T06:01:13","modified_gmt":"2025-05-31T06:01:13","slug":"frei-otto-aus-chemnitz-der-architekt-der-leichtigkeit","status":"publish","type":"post","link":"https:\/\/www.europesays.com\/de\/153417\/","title":{"rendered":"Frei Otto aus Chemnitz: Der Architekt der Leichtigkeit"},"content":{"rendered":"<p class=\"bold\">\n\t\t\t\t\t\t\t\t\t\tVor 100 Jahren wurde in Siegmar eine weltber\u00fchmte Pers\u00f6nlichkeit geboren, die im kollektiven Ged\u00e4chtnis der Chemnitzer noch nicht ganz angekommen ist.\t\t\t\t<\/p>\n<p>\t\t\t\t Was haben der M\u00fcnchener Olympiapark und eine Gr\u00fcnanlage im Chemnitzer Westen gemeinsam? Sie sind mit dem Namen Frei Otto verbunden. Der ungew\u00f6hnliche Vorname war von den Eltern programmatisch gew\u00e4hlt. Beide waren k\u00fcnstlerisch t\u00e4tig und Mitglieder im Deutschen Werkbund.<\/p>\n<p>\t\t<img decoding=\"async\" class=\"fp-plus-logo\" src=\"https:\/\/www.europesays.com\/de\/wp-content\/uploads\/2025\/04\/fpplus.svg.svg+xml\" alt=\"Freie Presse plus Logo\"\/><\/p>\n<p>Registrieren und testen.<\/p>\n<p>Jetzt mit Ihrer Registrierung 1 Monat gratis testen und alle Beitr\u00e4ge lesen.<\/p>\n<p>Schon Abonnent? Melden Sie sich mit ihren Zugangsdaten an.<\/p>\n","protected":false},"excerpt":{"rendered":"Vor 100 Jahren wurde in Siegmar eine weltber\u00fchmte Pers\u00f6nlichkeit geboren, die im kollektiven Ged\u00e4chtnis der Chemnitzer noch nicht&hellip;\n","protected":false},"author":2,"featured_media":153418,"comment_status":"","ping_status":"","sticky":false,"template":"","format":"standard","meta":{"footnotes":""},"categories":[1851],"tags":[2770,3364,29,548,663,3934,30,13,7504,14,15,859,12],"class_list":{"0":"post-153417","1":"post","2":"type-post","3":"status-publish","4":"format-standard","5":"has-post-thumbnail","7":"category-chemnitz","8":"tag-chemnitz","9":"tag-de","10":"tag-deutschland","11":"tag-eu","12":"tag-europa","13":"tag-europe","14":"tag-germany","15":"tag-headlines","16":"tag-museen-theater-buehne-ausstellungen","17":"tag-nachrichten","18":"tag-news","19":"tag-sachsen","20":"tag-schlagzeilen"},"share_on_mastodon":{"url":"https:\/\/pubeurope.com\/@de\/114600928004444761","error":""},"_links":{"self":[{"href":"https:\/\/www.europesays.com\/de\/wp-json\/wp\/v2\/posts\/153417","targetHints":{"allow":["GET"]}}],"collection":[{"href":"https:\/\/www.europesays.com\/de\/wp-json\/wp\/v2\/posts"}],"about":[{"href":"https:\/\/www.europesays.com\/de\/wp-json\/wp\/v2\/types\/post"}],"author":[{"embeddable":true,"href":"https:\/\/www.europesays.com\/de\/wp-json\/wp\/v2\/users\/2"}],"replies":[{"embeddable":true,"href":"https:\/\/www.europesays.com\/de\/wp-json\/wp\/v2\/comments?post=153417"}],"version-history":[{"count":0,"href":"https:\/\/www.europesays.com\/de\/wp-json\/wp\/v2\/posts\/153417\/revisions"}],"wp:featuredmedia":[{"embeddable":true,"href":"https:\/\/www.europesays.com\/de\/wp-json\/wp\/v2\/media\/153418"}],"wp:attachment":[{"href":"https:\/\/www.europesays.com\/de\/wp-json\/wp\/v2\/media?parent=153417"}],"wp:term":[{"taxonomy":"category","embeddable":true,"href":"https:\/\/www.europesays.com\/de\/wp-json\/wp\/v2\/categories?post=153417"},{"taxonomy":"post_tag","embeddable":true,"href":"https:\/\/www.europesays.com\/de\/wp-json\/wp\/v2\/tags?post=153417"}],"curies":[{"name":"wp","href":"https:\/\/api.w.org\/{rel}","templated":true}]}}