{"id":153421,"date":"2025-05-31T06:03:12","date_gmt":"2025-05-31T06:03:12","guid":{"rendered":"https:\/\/www.europesays.com\/de\/153421\/"},"modified":"2025-05-31T06:03:12","modified_gmt":"2025-05-31T06:03:12","slug":"fw-mg-brand-in-einem-mehrfamilienhaus-feuerwehr-rettete-mehrere-katzen","status":"publish","type":"post","link":"https:\/\/www.europesays.com\/de\/153421\/","title":{"rendered":"FW-MG: Brand in einem Mehrfamilienhaus, Feuerwehr rettete mehrere Katzen"},"content":{"rendered":"<p class=\"date\">31.05.2025 \u2013 07:12<\/p>\n<p class=\"customer\">\n                        <a class=\"story-customer\" title=\"weiter zum newsroom von Feuerwehr M\u00f6nchengladbach\" href=\"https:\/\/www.presseportal.de\/blaulicht\/nr\/115879\" rel=\"nofollow noopener\" target=\"_blank\">Feuerwehr M\u00f6nchengladbach<\/a>\n                    <\/p>\n<p><a class=\"glightbox event-trigger\" href=\"https:\/\/cache.pressmailing.net\/thumbnail\/story_hires\/266a672c-fceb-4369-b168-5335abc35575\/Logo_PresseBRAND_neu.jpg.jpg\" data-description=\".\" data-category=\"medialightbox\" data-action=\"click\" data-label=\"single\" data-value=\"683a8fd4270000fd2c97d19b\" rel=\"nofollow noopener\" target=\"_blank\"><img decoding=\"async\" height=\"540\" with=\"720\" src=\"https:\/\/www.europesays.com\/de\/wp-content\/uploads\/2025\/05\/fw-mg-brand-in-einem-mehrfamilienhaus-feuerwehr-rettete-mehrere-katzen.jpeg\"   alt=\"FW-MG: Brand in einem Mehrfamilienhaus, Feuerwehr rettete mehrere Katzen\" class=\"single\"\/><\/a><\/p>\n<p><a data-category=\"citylink-story-view\" data-action=\"click\" data-label=\"Citylink in Meldungsansicht\" class=\"story-city event-trigger\" href=\"https:\/\/www.presseportal.de\/regional\/M%F6nchengladbach%20Eicken%2C%2031.05.2025%2C%2002%3A03%20Uhr%2C%20Regentenstra%DFe\" title=\"News aus M\u00f6nchengladbach Eicken, 31.05.2025, 02:03 Uhr, Regentenstra\u00dfe \" rel=\"nofollow noopener\" target=\"_blank\">M\u00f6nchengladbach Eicken, 31.05.2025, 02:03 Uhr, Regentenstra\u00dfe<\/a> (ots)<\/p>\n<p>In der Nacht des 31.05.25 um 02:03 Uhr kam es zu einem Brand im Erdgeschoss eines Mehrfamilienhauses auf der Regentenstra\u00dfe.<\/p>\n<p>Beim Eintreffen der Feuerwehr stand die Wohnung bereits im Vollbrand, zuvor konnten sich noch vier Bewohner aus den dar\u00fcberliegenden Etagen \u00fcber den Treppenraum ins Freie retten.<\/p>\n<p>Da zun\u00e4chst unklar war, ob sich weitere Personen im Geb\u00e4ude befinden, leitete die Feuerwehr umgehend umfassende Ma\u00dfnahmen zur Menschenrettung und Brandbek\u00e4mpfung ein. Es gingen drei Trupps unter Pressluftatmer zur Kontrolle aller Wohnungen sowie zur Brandbek\u00e4mpfung vor. Weitere Personen wurden nicht vorgefunden.<\/p>\n<p>Aus einer der Wohnungen wurden jedoch sieben Katzen vor dem Erstickungstod gerettet.<\/p>\n<p>Vorsorglich wurden auch die benachbarten Geb\u00e4ude evakuiert. Nach umfangreicher Kontrolle konnten die Bewohner der benachbarten Geb\u00e4ude jedoch zeitnah in ihre Wohnungen zur\u00fcckkehren.<\/p>\n<p>Die Brandwohnung ist infolge der starken Rauch- und Brandsch\u00e4den derzeit nicht bewohnbar.<br \/>\nDer Bewohner wurde durch das Sozialamt der Stadt M\u00f6nchengladbach in einer Notunterkunft untergebracht.<\/p>\n<p>Personen kamen bei dem Einsatz nicht zu Schaden.<\/p>\n<p>Im Einsatz waren der L\u00f6schzug der Feuer- und Rettungswache I (Neuwerk), ein Hilfeleistungsl\u00f6schfahrzeug der Feuer- und Rettungswache II (Holt), der Ger\u00e4tewagen Atemschutz und der Ger\u00e4tewagen Einsatzstellenhygiene aus dem Technik- und Logistikzentrum (Holt), die Einheit Stadtmitte der Freiwilligen Feuerwehr, ein Rettungswagen und ein Notarzt der Stadt M\u00f6nchengladbach, sowie der F\u00fchrungsdienst der Berufsfeuerwehr.<\/p>\n<p>Einsatzleiter: BA Christian K\u00fcppers<\/p>\n<p class=\"contact-headline\">R\u00fcckfragen bitte an:<\/p>\n<p class=\"contact-text\">Stadt M\u00f6nchengladbach<br \/>Fachbereich 37 &#8211; Feuerwehr<br \/>F\u00fchrungs- und Lagezentrum<br \/>Stockholtweg 132<br \/>41238 M\u00f6nchengladbach<\/p>\n<p>Telefon: 02166\/9989-0<br \/>Fax: 02166\/9989-37729<br \/>E-Mail: <a href=\"https:\/\/www.presseportal.de\/blaulicht\/pm\/115879\/mailto: leitstelle.feuerwehr@moenchengladbach.de\" class=\"uri-mailto\" rel=\"nofollow noopener\" target=\"_blank\"> leitstelle.feuerwehr@moenchengladbach.de<\/a><br \/><a target=\"_blank\" class=\"uri-ext outbound\" rel=\"noopener nofollow\" href=\"http:\/\/www.feuerwehr-mg.de\/\">http:\/\/www.feuerwehr-mg.de\/<\/a><\/p>\n<p class=\"originator\">Original-Content von: Feuerwehr M\u00f6nchengladbach, \u00fcbermittelt durch news aktuell<\/p>\n","protected":false},"excerpt":{"rendered":"31.05.2025 \u2013 07:12 Feuerwehr M\u00f6nchengladbach M\u00f6nchengladbach Eicken, 31.05.2025, 02:03 Uhr, Regentenstra\u00dfe (ots) In der Nacht des 31.05.25 um&hellip;\n","protected":false},"author":2,"featured_media":153422,"comment_status":"","ping_status":"","sticky":false,"template":"","format":"standard","meta":{"footnotes":""},"categories":[1849],"tags":[2919,3364,29,548,663,3934,985,30,13,4455,14,15,1209,176,178,180,179,181,12],"class_list":{"0":"post-153421","1":"post","2":"type-post","3":"status-publish","4":"format-standard","5":"has-post-thumbnail","7":"category-moenchengladbach","8":"tag-brand","9":"tag-de","10":"tag-deutschland","11":"tag-eu","12":"tag-europa","13":"tag-europe","14":"tag-feuerwehr","15":"tag-germany","16":"tag-headlines","17":"tag-moenchengladbach","18":"tag-nachrichten","19":"tag-news","20":"tag-nordrhein-westfalen","21":"tag-nrw","22":"tag-presse","23":"tag-pressemeldung","24":"tag-pressemitteilung","25":"tag-pressemitteilungen","26":"tag-schlagzeilen"},"share_on_mastodon":{"url":"https:\/\/pubeurope.com\/@de\/114600935816863844","error":""},"_links":{"self":[{"href":"https:\/\/www.europesays.com\/de\/wp-json\/wp\/v2\/posts\/153421","targetHints":{"allow":["GET"]}}],"collection":[{"href":"https:\/\/www.europesays.com\/de\/wp-json\/wp\/v2\/posts"}],"about":[{"href":"https:\/\/www.europesays.com\/de\/wp-json\/wp\/v2\/types\/post"}],"author":[{"embeddable":true,"href":"https:\/\/www.europesays.com\/de\/wp-json\/wp\/v2\/users\/2"}],"replies":[{"embeddable":true,"href":"https:\/\/www.europesays.com\/de\/wp-json\/wp\/v2\/comments?post=153421"}],"version-history":[{"count":0,"href":"https:\/\/www.europesays.com\/de\/wp-json\/wp\/v2\/posts\/153421\/revisions"}],"wp:featuredmedia":[{"embeddable":true,"href":"https:\/\/www.europesays.com\/de\/wp-json\/wp\/v2\/media\/153422"}],"wp:attachment":[{"href":"https:\/\/www.europesays.com\/de\/wp-json\/wp\/v2\/media?parent=153421"}],"wp:term":[{"taxonomy":"category","embeddable":true,"href":"https:\/\/www.europesays.com\/de\/wp-json\/wp\/v2\/categories?post=153421"},{"taxonomy":"post_tag","embeddable":true,"href":"https:\/\/www.europesays.com\/de\/wp-json\/wp\/v2\/tags?post=153421"}],"curies":[{"name":"wp","href":"https:\/\/api.w.org\/{rel}","templated":true}]}}