{"id":153517,"date":"2025-05-31T06:59:13","date_gmt":"2025-05-31T06:59:13","guid":{"rendered":"https:\/\/www.europesays.com\/de\/153517\/"},"modified":"2025-05-31T06:59:13","modified_gmt":"2025-05-31T06:59:13","slug":"blitz-finale-droht-berlin-und-brandenburg-am-sonntag","status":"publish","type":"post","link":"https:\/\/www.europesays.com\/de\/153517\/","title":{"rendered":"Blitz-Finale droht Berlin und Brandenburg am Sonntag"},"content":{"rendered":"<p>Unwettergefahr am Wochenende <\/p>\n<p>Berlin und Brandenburg drohen Hitze und Hagel<\/p>\n<p>31.05.2025 &#8211; 08:41 UhrLesedauer: 1 Min.<\/p>\n<p><a href=\"#focus-0\" class=\"transition-colors duration-200 focus-within:text-magenta block text-current relative\" data-sctrack=\"FocusGalleryImage.Reference\"><img fetchpriority=\"high\" data-testid=\"Opener.Image\" style=\"--lqipURL:url('https:\/\/images.t-online.de\/2025\/05\/IVDrU-bUE0pT\/0x150:800x450\/fit-in\/150x0\/filters:blur(25)\/eine-regenfront-zieht-ueber-ein-getreidefeld-hinweg-archivbild-sommerliche-temperaturen-und-gewitter-am-wochenende-in-brandenburg-und-berlin.jpg')\"   loading=\"eager\" src=\"https:\/\/www.europesays.com\/de\/wp-content\/uploads\/2025\/05\/eine-regenfront-zieht-ueber-ein-getreidefeld-hinweg-archivbild-sommerliche-temperaturen-und-gewitter.jpeg\" alt=\"urn:newsml:dpa.com:20090101:250528-935-615927\" title=\"urn:newsml:dpa.com:20090101:250528-935-615927\" width=\"800\" height=\"450\" class=\"bg-[url:var(--lqipURL)] bg-cover bg-center flex w-full max-w-full h-full\" decoding=\"async\"\/><img style=\"--width:32;--height:32\" loading=\"lazy\" src=\"https:\/\/www.europesays.com\/de\/wp-content\/uploads\/2025\/05\/zoom-in.f7dae02f.svg.svg+xml\" alt=\"Vergr\u00f6\u00dfern des Bildes\" title=\"Vergr\u00f6\u00dfern des Bildes\" class=\"&#10;        block&#10;        h-[calc(var(--height)_\/_16_*_1rem)]&#10;        w-[calc(var(--width)_\/_16_*_1rem)]&#10;        max-w-none&#10;        absolute bottom-8 right-8 rounded-4 bg-snow p-8\" decoding=\"async\"\/><\/a><\/p>\n<p>Eine Regenfront zieht \u00fcber ein Getreidefeld hinweg (Archivbild): Sommerliche Temperaturen und Gewitter am Wochenende in Brandenburg und Berlin. (Quelle: Jan Woitas)<\/p>\n<p class=\"font-bold text-18 leading-17\">Sonne, Hitze, dann Hagel? Der Sonntag k\u00f6nnte in Berlin und Brandenburg ungem\u00fctlich enden.<\/p>\n<p class=\"text-18 leading-17\">Wer am Samstag noch in T-Shirt und Sonnenbrille unterwegs ist, sollte den Regenschirm am Sonntag besser griffbereit haben. Laut Deutschem Wetterdienst (DWD) drohen am Wochenende in <a class=\"transition-colors duration-200 cursor-pointer text-inherit no-underline text-salemsfur md:hover:text-magenta md:hover:border-magenta md:focus:text-magenta border-current border-b border-solid break-words\" href=\"https:\/\/www.t-online.de\/region\/berlin\/\" data-sctrack=\"BodyAnchor\" target=\"_blank\" rel=\"noopener\">Berlin<\/a> und Brandenburg heftige Gewitter mit Starkregen, Hagel und Sturmb\u00f6en \u2013 vor allem am Sonntag.<\/p>\n<p class=\"text-18 leading-17\">Der Samstag beginnt freundlich: Bis zu 27 Grad und viel Sonne laden in Berlin und Brandenburg zum Grillen oder Badesee ein. Doch schon am Abend ziehen erste Gewitter vor allem \u00fcber den S\u00fcden Brandenburgs hinweg. Vereinzelt kann es dabei kr\u00e4ftig regnen, auch Hagel und Sturmb\u00f6en sind m\u00f6glich. Die Temperaturen erreichen am Tag 22 bis 27 Grad.<\/p>\n<p class=\"text-18 leading-17\">In der Nacht zum Sonntag breiten sich Schauer und Gewitter weiter aus. Lokal kann es auch zu Unwettern kommen. Der Sonntag selbst zeigt sich wechselhaft, mit dichten Wolken, schw\u00fclwarmer Luft und teils kr\u00e4ftigen Gewittern. Die Temperaturen bleiben mit 24 bis 27 Grad sommerlich, doch es kann erneut zu Starkregen, Hagel und Sturmb\u00f6en kommen. In der Nacht zum Montag zieht der Regen langsam nach Osten ab.<\/p>\n<p class=\"text-18 leading-17\">Am Montag bleibt es unbest\u00e4ndig, mit einzelnen Schauern und Gewittern. Die H\u00f6chstwerte liegen bei 21 bis 23 Grad. Erst ab Dienstag beruhigt sich das <a class=\"transition-colors duration-200 cursor-pointer text-inherit no-underline text-salemsfur md:hover:text-magenta md:hover:border-magenta md:focus:text-magenta border-current border-b border-solid break-words\" href=\"https:\/\/www.t-online.de\/wetter\" data-sctrack=\"BodyAnchor\" target=\"_blank\" rel=\"noopener\">Wetter<\/a> voraussichtlich wieder. Wer also drau\u00dfen etwas plant, sollte die Wetterlage im Blick behalten \u2013 besonders am Sonntag.<\/p>\n","protected":false},"excerpt":{"rendered":"Unwettergefahr am Wochenende Berlin und Brandenburg drohen Hitze und Hagel 31.05.2025 &#8211; 08:41 UhrLesedauer: 1 Min. Eine Regenfront&hellip;\n","protected":false},"author":2,"featured_media":153518,"comment_status":"","ping_status":"","sticky":false,"template":"","format":"standard","meta":{"footnotes":""},"categories":[1816],"tags":[722,1960,1958,1959,1957,296,1956,1890,29,30,19634,52181,33153],"class_list":{"0":"post-153517","1":"post","2":"type-post","3":"status-publish","4":"format-standard","5":"has-post-thumbnail","7":"category-brandenburg","8":"tag-722","9":"tag-aktuelle-nachrichten-aus-berlin-und-brandenburg","10":"tag-aktuelle-nachrichten-aus-brandenburg","11":"tag-aktuelle-news-aus-berlin-und-brandenburg","12":"tag-aktuelle-news-aus-brandenburg","13":"tag-berlin","14":"tag-berlin-und-brandenburg","15":"tag-brandenburg","16":"tag-deutschland","17":"tag-germany","18":"tag-gewitter","19":"tag-regenfront","20":"tag-unwettergefahr"},"share_on_mastodon":{"url":"https:\/\/pubeurope.com\/@de\/114601155955810964","error":""},"_links":{"self":[{"href":"https:\/\/www.europesays.com\/de\/wp-json\/wp\/v2\/posts\/153517","targetHints":{"allow":["GET"]}}],"collection":[{"href":"https:\/\/www.europesays.com\/de\/wp-json\/wp\/v2\/posts"}],"about":[{"href":"https:\/\/www.europesays.com\/de\/wp-json\/wp\/v2\/types\/post"}],"author":[{"embeddable":true,"href":"https:\/\/www.europesays.com\/de\/wp-json\/wp\/v2\/users\/2"}],"replies":[{"embeddable":true,"href":"https:\/\/www.europesays.com\/de\/wp-json\/wp\/v2\/comments?post=153517"}],"version-history":[{"count":0,"href":"https:\/\/www.europesays.com\/de\/wp-json\/wp\/v2\/posts\/153517\/revisions"}],"wp:featuredmedia":[{"embeddable":true,"href":"https:\/\/www.europesays.com\/de\/wp-json\/wp\/v2\/media\/153518"}],"wp:attachment":[{"href":"https:\/\/www.europesays.com\/de\/wp-json\/wp\/v2\/media?parent=153517"}],"wp:term":[{"taxonomy":"category","embeddable":true,"href":"https:\/\/www.europesays.com\/de\/wp-json\/wp\/v2\/categories?post=153517"},{"taxonomy":"post_tag","embeddable":true,"href":"https:\/\/www.europesays.com\/de\/wp-json\/wp\/v2\/tags?post=153517"}],"curies":[{"name":"wp","href":"https:\/\/api.w.org\/{rel}","templated":true}]}}