{"id":153527,"date":"2025-05-31T07:04:09","date_gmt":"2025-05-31T07:04:09","guid":{"rendered":"https:\/\/www.europesays.com\/de\/153527\/"},"modified":"2025-05-31T07:04:09","modified_gmt":"2025-05-31T07:04:09","slug":"sommerliche-temperaturen-und-gewitter-am-wochenende","status":"publish","type":"post","link":"https:\/\/www.europesays.com\/de\/153527\/","title":{"rendered":"Sommerliche Temperaturen und Gewitter am Wochenende"},"content":{"rendered":"<p class=\"tspBYlv tspBYlw\">Das Wochenende bringt in Berlin und Brandenburg zun\u00e4chst sommerliche Temperaturen, endet aber voraussichtlich mit teils kr\u00e4ftigen Gewittern. Nach Angaben des Deutschen Wetterdienstes (DWD) bleibt es am Samstag meist <strong>freundlich bei 22 bis 27 Grad<\/strong>, ab dem Abend steigt vor allem im S\u00fcden Brandenburgs die Gewitterneigung. Vereinzelt kann es zu Starkregen, Hagel und Sturmb\u00f6en kommen.<\/p>\n<p><a href=\"https:\/\/abo.tagesspiegel.de\/tagesspiegel-app?icid=single-topic_13781953___\" data-gtm-class=\"article-mzt-link\" class=\"tspB5mf\" rel=\"nofollow noopener\" target=\"_blank\">Die Tagesspiegel-App Aktuelle Nachrichten, Hintergr\u00fcnde und Analysen direkt auf Ihr Smartphone. Dazu die digitale Zeitung. Hier gratis herunterladen.  <\/a><\/p>\n<p class=\"tspBYlv\">In der Nacht zum Sonntag breiten sich Schauer und Gewitter allm\u00e4hlich aus, lokal sind Unwetter m\u00f6glich. Die Temperaturen sinken auf 16 bis 12 Grad. Der Sonntag verl\u00e4uft den Angaben zufolge dann wechselhaft mit dichten Wolken und teils kr\u00e4ftigen Gewittern. Lokal drohen erneut Starkregen, Hagel und Sturmb\u00f6en. Die H\u00f6chstwerte liegen zwischen 24 und 27 Grad. In der Nacht zum Montag <strong>zieht der Regen allm\u00e4hlich nach Osten ab.<\/strong><\/p>\n<p> Mehr zum Thema: <a href=\"https:\/\/www.tagesspiegel.de\/wissen\/tendenz-zu-einem-sehr-heissen-sommer-was-wettermodelle-sagen-und-warum-die-trockenheit-riskant-bleibt-13725151.html?icid=topic-list_13781953___\" data-gtm-class=\"article-mzt-link\" class=\"tspB5mf\" rel=\"nofollow noopener\" target=\"_blank\">\u201eTendenz zu einem sehr hei\u00dfen Sommer\u201c Was jetzt meteorologisch auf Deutschland zukommen k\u00f6nnte <\/a><a href=\"https:\/\/www.tagesspiegel.de\/wissen\/kommt-jetzt-endlich-der-grosse-regen-das-fruhjahr-konnte-das-trockenste-seit-144-jahren-werden-13695925.html?icid=topic-list_13781953___\" data-gtm-class=\"article-mzt-link\" class=\"tspB5mf\" rel=\"nofollow noopener\" target=\"_blank\">Kommt jetzt endlich der gro\u00dfe Regen? Das Fr\u00fchjahr k\u00f6nnte das trockenste seit 144 Jahren werden <\/a><a href=\"https:\/\/checkpoint.tagesspiegel.de\/langmeldung\/4rXIAZbfgP7wgJwzE6C2ZE?utm_medium=social-button-nl-web&amp;icid=topic-list_13781953___\" data-gtm-class=\"article-mzt-link\" class=\"tspB5mf\" rel=\"nofollow noopener\" target=\"_blank\">Aufruf zum Gie\u00dfen Die B\u00e4ume in Berlin leiden unter dem trockenen Boden <\/a><\/p>\n<p class=\"tspBYlv\">Zum Wochenbeginn bleibt es unbest\u00e4ndig mit einzelnen Schauern und Gewittern bei Temperaturen um 21 bis 23 Grad. Ab Dienstag beruhigt sich das Wetter voraussichtlich wieder. (dpa)<\/p>\n","protected":false},"excerpt":{"rendered":"Das Wochenende bringt in Berlin und Brandenburg zun\u00e4chst sommerliche Temperaturen, endet aber voraussichtlich mit teils kr\u00e4ftigen Gewittern. Nach&hellip;\n","protected":false},"author":2,"featured_media":153528,"comment_status":"","ping_status":"","sticky":false,"template":"","format":"standard","meta":{"footnotes":""},"categories":[1825],"tags":[296,29,30,4028,1973],"class_list":{"0":"post-153527","1":"post","2":"type-post","3":"status-publish","4":"format-standard","5":"has-post-thumbnail","7":"category-berlin","8":"tag-berlin","9":"tag-deutschland","10":"tag-germany","11":"tag-unwetter","12":"tag-wetter"},"share_on_mastodon":{"url":"https:\/\/pubeurope.com\/@de\/114601175598264103","error":""},"_links":{"self":[{"href":"https:\/\/www.europesays.com\/de\/wp-json\/wp\/v2\/posts\/153527","targetHints":{"allow":["GET"]}}],"collection":[{"href":"https:\/\/www.europesays.com\/de\/wp-json\/wp\/v2\/posts"}],"about":[{"href":"https:\/\/www.europesays.com\/de\/wp-json\/wp\/v2\/types\/post"}],"author":[{"embeddable":true,"href":"https:\/\/www.europesays.com\/de\/wp-json\/wp\/v2\/users\/2"}],"replies":[{"embeddable":true,"href":"https:\/\/www.europesays.com\/de\/wp-json\/wp\/v2\/comments?post=153527"}],"version-history":[{"count":0,"href":"https:\/\/www.europesays.com\/de\/wp-json\/wp\/v2\/posts\/153527\/revisions"}],"wp:featuredmedia":[{"embeddable":true,"href":"https:\/\/www.europesays.com\/de\/wp-json\/wp\/v2\/media\/153528"}],"wp:attachment":[{"href":"https:\/\/www.europesays.com\/de\/wp-json\/wp\/v2\/media?parent=153527"}],"wp:term":[{"taxonomy":"category","embeddable":true,"href":"https:\/\/www.europesays.com\/de\/wp-json\/wp\/v2\/categories?post=153527"},{"taxonomy":"post_tag","embeddable":true,"href":"https:\/\/www.europesays.com\/de\/wp-json\/wp\/v2\/tags?post=153527"}],"curies":[{"name":"wp","href":"https:\/\/api.w.org\/{rel}","templated":true}]}}