{"id":15354,"date":"2025-04-08T10:10:15","date_gmt":"2025-04-08T10:10:15","guid":{"rendered":"https:\/\/www.europesays.com\/de\/15354\/"},"modified":"2025-04-08T10:10:15","modified_gmt":"2025-04-08T10:10:15","slug":"schulen-in-duisburg-dicht-drohmails-sorgen-fuer-distanzunterricht","status":"publish","type":"post","link":"https:\/\/www.europesays.com\/de\/15354\/","title":{"rendered":"Schulen in Duisburg dicht \u2013 Drohmails sorgen f\u00fcr Distanzunterricht"},"content":{"rendered":"<p>Rund 18.000 Kinder und Jugendliche an mehr als 15 Schulen betroffenSchulen in Duisburg dicht \u2013 Drohmails sorgen f\u00fcr Distanzunterricht<\/p>\n<p>02:04 min<\/p>\n<p>Drohmails<\/p>\n<p>Schulen in Duisburg dicht<\/p>\n<p>7. April 2025 um 18:46 Uhr<\/p>\n<p class=\"Typography_text-default__wldUd Typography_align-left__koBUM AnnotatedMarkup_paragraph__IUT9l\">Nach Drohungen mit rechtsextremem Hintergrund hat an Duisburger Schulen am Montag (07.04.) kein Pr\u00e4senzunterricht stattgefunden. Rund 18.000 Sch\u00fcler waren betroffen. Der Staatsschutz ermittelt.<\/p>\n<p> 15 Gesamtschulen und zwei Sekundarschulen betroffen<\/p>\n<p class=\"Typography_text-default__wldUd Typography_align-left__koBUM AnnotatedMarkup_paragraph__IUT9l\">Wegen einer Bedrohungslage waren am Montag (07.04.) alle Duisburger Gesamt \u2013 und Sekundarschulen geschlossen. F\u00fcr rund 18.000 Sch\u00fcler hie\u00df es: Distanzunterricht. Grund daf\u00fcr sind zwei Mails, die jeweils am Freitag (04.04.) und Sonntag (06.04.) bei der Schulleitung der Gesamtschule-Mitte eingingen. Der bislang unbekannte Absender k\u00fcndigte darin Straftaten mit rechtsradikalem Hintergrund an. Aus Ermittlerkreisen erfuhr RTL WEST, dass die \u00dcberschrift \u201eHoch lebe das deutsche Volk\u201c lautet. Inhaltlich ist von einer gro\u00dfen Aufr\u00e4umaktion die Rede. Au\u00dferdem hei\u00dft es dort angeblich, dass die deutschen Sch\u00fcler zu Hause bleiben sollen. Genauere Informationen werden nicht herausgegeben.<\/p>\n<p>Schlie\u00dfungen seien Vorsichtsma\u00dfnahme<\/p>\n<p class=\"Typography_text-default__wldUd Typography_align-left__koBUM AnnotatedMarkup_paragraph__IUT9l\">F\u00fcr Schuldezernentin Astrid Neese sind die Schulschlie\u00dfungen alternativlos. Es gehe in erster Linie um die Sicherheit der Kinder und die Vermeidung einer unklaren Gefahrensituation. Auch an einigen Duisburger Gymnasien und Grundschulen fand aufgrund der Drohungen f\u00fcr den Tag ausschlie\u00dflich Distanzunterricht statt. Einige andere Schulen \u00fcberlie\u00dfen den Eltern die Entscheidung, ob die Kinder in der Schule erscheinen oder nicht.<\/p>\n<p>Anzeige:<\/p>\n<p>Empfehlungen unserer Partner<\/p>\n<p>Duisburger Staatsschutz schaltet sich ein <\/p>\n<p class=\"Typography_text-default__wldUd Typography_align-left__koBUM AnnotatedMarkup_paragraph__IUT9l\">An den verpflichtend geschlossenen Schulen soll der Unterricht am Dienstag (08.04.) wieder wie gewohnt stattfinden. Der Staatsschutz ermittelt.<\/p>\n","protected":false},"excerpt":{"rendered":"Rund 18.000 Kinder und Jugendliche an mehr als 15 Schulen betroffenSchulen in Duisburg dicht \u2013 Drohmails sorgen f\u00fcr&hellip;\n","protected":false},"author":2,"featured_media":15355,"comment_status":"","ping_status":"","sticky":false,"template":"","format":"standard","meta":{"footnotes":""},"categories":[1838],"tags":[3364,29,3715,30,5827,5828,1209,5830,5829,5825,5826,5824],"class_list":{"0":"post-15354","1":"post","2":"type-post","3":"status-publish","4":"format-standard","5":"has-post-thumbnail","7":"category-duisburg","8":"tag-de","9":"tag-deutschland","10":"tag-duisburg","11":"tag-germany","12":"tag-nachrichten-nrw","13":"tag-news-nrw","14":"tag-nordrhein-westfalen","15":"tag-regionale-nachrichten-nrw","16":"tag-rtl-nachrichten-nrw","17":"tag-rtl-nrw","18":"tag-rtl-regional","19":"tag-rtl-west"},"share_on_mastodon":{"url":"https:\/\/pubeurope.com\/@de\/114301804479712102","error":""},"_links":{"self":[{"href":"https:\/\/www.europesays.com\/de\/wp-json\/wp\/v2\/posts\/15354","targetHints":{"allow":["GET"]}}],"collection":[{"href":"https:\/\/www.europesays.com\/de\/wp-json\/wp\/v2\/posts"}],"about":[{"href":"https:\/\/www.europesays.com\/de\/wp-json\/wp\/v2\/types\/post"}],"author":[{"embeddable":true,"href":"https:\/\/www.europesays.com\/de\/wp-json\/wp\/v2\/users\/2"}],"replies":[{"embeddable":true,"href":"https:\/\/www.europesays.com\/de\/wp-json\/wp\/v2\/comments?post=15354"}],"version-history":[{"count":0,"href":"https:\/\/www.europesays.com\/de\/wp-json\/wp\/v2\/posts\/15354\/revisions"}],"wp:featuredmedia":[{"embeddable":true,"href":"https:\/\/www.europesays.com\/de\/wp-json\/wp\/v2\/media\/15355"}],"wp:attachment":[{"href":"https:\/\/www.europesays.com\/de\/wp-json\/wp\/v2\/media?parent=15354"}],"wp:term":[{"taxonomy":"category","embeddable":true,"href":"https:\/\/www.europesays.com\/de\/wp-json\/wp\/v2\/categories?post=15354"},{"taxonomy":"post_tag","embeddable":true,"href":"https:\/\/www.europesays.com\/de\/wp-json\/wp\/v2\/tags?post=15354"}],"curies":[{"name":"wp","href":"https:\/\/api.w.org\/{rel}","templated":true}]}}