{"id":153542,"date":"2025-05-31T07:12:09","date_gmt":"2025-05-31T07:12:09","guid":{"rendered":"https:\/\/www.europesays.com\/de\/153542\/"},"modified":"2025-05-31T07:12:09","modified_gmt":"2025-05-31T07:12:09","slug":"das-finale-der-champions-league-die-french-open-f1-in-barcelona-und-der-giro-der-sport-tag-bei-ntv-de-am-samstag-dem-31-mai-2025","status":"publish","type":"post","link":"https:\/\/www.europesays.com\/de\/153542\/","title":{"rendered":"Das Finale der Champions League, die French Open, F1 in Barcelona und der Giro: Der Sport-Tag bei ntv.de am Samstag, dem 31. Mai 2025"},"content":{"rendered":"<p>Flavio Briatore will Spekulationen um eine bevorstehende R\u00fcckkehr<b> Mick Schumachers <\/b>in die Formel 1 nicht kommentieren. <b>Vereinzelt war zuletzt \u00fcber ein Engagement des Deutschen bei Briatores Alpine-Team gemutma\u00dft worden<\/b>, noch in diesem Sommer k\u00f6nne es so weit sein.<\/p>\n<p>  <a href=\"https:\/\/www.n-tv.de\/img\/25801174-1748516110000\/16-9\/750\/27.jpg\" target=\"_blank\" rel=\"noopener\">     <img decoding=\"async\" alt=\"27.05_Formel1_Spanien_Rot.png\" src=\"https:\/\/www.europesays.com\/de\/wp-content\/uploads\/2025\/05\/27.jpg\" class=\"lazyload\"\/>  <\/a>     <\/p>\n<p>Darauf angesprochen, reagierte Briatore am Freitag nun genervt. Er verstehe die Frage nicht, sagte der Italiener zun\u00e4chst, und dann: &#8222;<b>Ich denke nicht, dass das die Frage ist, die hier zu stellen ist. N\u00e4chste Frage. Ich m\u00f6chte nicht dar\u00fcber sprechen.<\/b>&#8220; Auch auf andere Fragen im Rahmen der Pressekonferenz vor dem Grand Prix in Spanien reagierte der 75-J\u00e4hrige durchaus flapsig.<\/p>\n<p>Grundlage f\u00fcr die Spekulationen um Schumacher, der f\u00fcr Alpine derzeit in der Langstrecken-WM f\u00e4hrt, war ein anderes Ger\u00fccht: Franco Colapinto, erst vor zwei Rennen f\u00fcr den entt\u00e4uschenden Jack Doohan ins Cockpit ger\u00fcckt, k\u00f6nne bald schon wieder ausgetauscht werden. <b>&#8222;Wenn Colapinto performt, dann f\u00e4hrt er das Auto, wenn nicht, dann werden wir sehen&#8220;<\/b>, sagte Briatore dazu nun. Er wisse nicht, ob Colapinto f\u00fcr die gesamte Saison bleibe: &#8222;<b>2025 ist das Jahr, in dem wir uns auf 2026 vorbereiten.<\/b> Welches Experiment ich f\u00fcr richtig halte, das werden wir machen.&#8220;<\/p>\n","protected":false},"excerpt":{"rendered":"Flavio Briatore will Spekulationen um eine bevorstehende R\u00fcckkehr Mick Schumachers in die Formel 1 nicht kommentieren. Vereinzelt war&hellip;\n","protected":false},"author":2,"featured_media":153543,"comment_status":"","ping_status":"","sticky":false,"template":"","format":"standard","meta":{"footnotes":""},"categories":[136],"tags":[5114,5001,282,29,38243,30,23456,265,283,38244],"class_list":{"0":"post-153542","1":"post","2":"type-post","3":"status-publish","4":"format-standard","5":"has-post-thumbnail","7":"category-sport","8":"tag-angebot","9":"tag-bericht","10":"tag-der","11":"tag-deutschland","12":"tag-florian","13":"tag-germany","14":"tag-liverpool","15":"tag-sport","16":"tag-sport-tag","17":"tag-wirtz"},"share_on_mastodon":{"url":"https:\/\/pubeurope.com\/@de\/114601206980479863","error":""},"_links":{"self":[{"href":"https:\/\/www.europesays.com\/de\/wp-json\/wp\/v2\/posts\/153542","targetHints":{"allow":["GET"]}}],"collection":[{"href":"https:\/\/www.europesays.com\/de\/wp-json\/wp\/v2\/posts"}],"about":[{"href":"https:\/\/www.europesays.com\/de\/wp-json\/wp\/v2\/types\/post"}],"author":[{"embeddable":true,"href":"https:\/\/www.europesays.com\/de\/wp-json\/wp\/v2\/users\/2"}],"replies":[{"embeddable":true,"href":"https:\/\/www.europesays.com\/de\/wp-json\/wp\/v2\/comments?post=153542"}],"version-history":[{"count":0,"href":"https:\/\/www.europesays.com\/de\/wp-json\/wp\/v2\/posts\/153542\/revisions"}],"wp:featuredmedia":[{"embeddable":true,"href":"https:\/\/www.europesays.com\/de\/wp-json\/wp\/v2\/media\/153543"}],"wp:attachment":[{"href":"https:\/\/www.europesays.com\/de\/wp-json\/wp\/v2\/media?parent=153542"}],"wp:term":[{"taxonomy":"category","embeddable":true,"href":"https:\/\/www.europesays.com\/de\/wp-json\/wp\/v2\/categories?post=153542"},{"taxonomy":"post_tag","embeddable":true,"href":"https:\/\/www.europesays.com\/de\/wp-json\/wp\/v2\/tags?post=153542"}],"curies":[{"name":"wp","href":"https:\/\/api.w.org\/{rel}","templated":true}]}}