{"id":153611,"date":"2025-05-31T07:48:11","date_gmt":"2025-05-31T07:48:11","guid":{"rendered":"https:\/\/www.europesays.com\/de\/153611\/"},"modified":"2025-05-31T07:48:11","modified_gmt":"2025-05-31T07:48:11","slug":"rosenkrieg-zwischen-olaf-und-marie-heidtke","status":"publish","type":"post","link":"https:\/\/www.europesays.com\/de\/153611\/","title":{"rendered":"Rosenkrieg zwischen Olaf und Marie Heidtke"},"content":{"rendered":"<p>Rosenkrieg in S\u00fcdafrika <\/p>\n<p>Auswanderer aus Hannover stehen vor Scherbenhaufen<\/p>\n<p>31.05.2025 &#8211; 09:09 UhrLesedauer: 2 Min.<\/p>\n<p><a href=\"#focus-0\" class=\"transition-colors duration-200 focus-within:text-magenta block text-current relative\" data-sctrack=\"FocusGalleryImage.Reference\"><img fetchpriority=\"high\" data-testid=\"Opener.Image\" style=\"--lqipURL:url('https:\/\/images.t-online.de\/2025\/02\/bOPOw8YB2cty\/0x0:1920x1080\/fit-in\/150x0\/filters:blur(25)\/das-logo-zur-sendung-goodbye-deutschland-die-auswanderer.jpg')\"   loading=\"eager\" src=\"https:\/\/www.europesays.com\/de\/wp-content\/uploads\/2025\/05\/das-logo-zur-sendung-goodbye-deutschland-die-auswanderer.jpg\" alt=\"Das Logo zur Sendung &quot;Goodbye Deutschland! Die Auswanderer&quot;.\" title=\"Das Logo zur Sendung &quot;Goodbye Deutschland! Die Auswanderer&quot;.\" width=\"1920\" height=\"1080\" class=\"bg-[url:var(--lqipURL)] bg-cover bg-center flex w-full max-w-full h-full\" decoding=\"async\"\/><img style=\"--width:32;--height:32\" loading=\"lazy\" src=\"https:\/\/www.europesays.com\/de\/wp-content\/uploads\/2025\/05\/zoom-in.f7dae02f.svg.svg+xml\" alt=\"Vergr\u00f6\u00dfern des Bildes\" title=\"Vergr\u00f6\u00dfern des Bildes\" class=\"&#10;        block&#10;        h-[calc(var(--height)_\/_16_*_1rem)]&#10;        w-[calc(var(--width)_\/_16_*_1rem)]&#10;        max-w-none&#10;        absolute bottom-8 right-8 rounded-4 bg-snow p-8\" decoding=\"async\"\/><\/a><\/p>\n<p>Das Logo zur Sendung &#8222;Goodbye Deutschland&#8220;: F\u00fcr die Heidtkes stehen schwierige Zeiten bevor. (Quelle: RTL+)<\/p>\n<p class=\"font-bold text-18 leading-17\">In S\u00fcdafrika platzt nach rund zehn Jahren das gro\u00dfe Auswanderer-Abenteuer einer Familie aus Hannover. Zwischen Olaf und Marie Heidtke entbrennt ein Rosenkrieg.<\/p>\n<p class=\"text-18 leading-17\">Vor mehr als zehn Jahren wanderten Olaf und Marie Heidtke aus der Region <a class=\"transition-colors duration-200 cursor-pointer text-inherit no-underline text-salemsfur md:hover:text-magenta md:hover:border-magenta md:focus:text-magenta border-current border-b border-solid break-words\" href=\"https:\/\/www.t-online.de\/region\/hannover\/\" data-sctrack=\"BodyAnchor\" rel=\"nofollow noopener\" target=\"_blank\">Hannover<\/a> mit ihren Kindern nach <a class=\"transition-colors duration-200 cursor-pointer text-inherit no-underline text-salemsfur md:hover:text-magenta md:hover:border-magenta md:focus:text-magenta border-current border-b border-solid break-words\" href=\"https:\/\/www.t-online.de\/themen\/suedafrika\/\" data-sctrack=\"BodyAnchor\" rel=\"nofollow noopener\" target=\"_blank\">S\u00fcdafrika<\/a> aus. Dort erf\u00fcllten sie sich einen m\u00e4rchenhaften Traum: eine riesige Farm mit Hunderten Tieren und der &#8222;Pure Nature Lodge&#8220;, in der Touristen \u00fcbernachten k\u00f6nnen.<\/p>\n<p class=\"text-18 leading-17\">Die Heidtke lassen ihre Auswanderung seit 2015 von der beliebten TV-Sendung &#8222;Goodbye Deutschland \u2013 Die Auswanderer&#8220; begleiten. Doch in der neuesten Folge ist vom einstigen Traum in S\u00fcdafrika nichts mehr \u00fcbrig.<\/p>\n<p class=\"text-18 leading-17\">Denn: Olaf und Marie haben sich getrennt. Es habe immer wieder Auseinandersetzungen dar\u00fcber gegeben, wie die Farm zu f\u00fchren sei, vor allem in finanzieller Hinsicht, erz\u00e4hlen die Auswanderer in der Vox-Show.<\/p>\n<p class=\"text-18 leading-17\">Von einer L\u00f6sung oder Einigung sind die beiden weit entfernt \u2013 die Trennung wird zum Rosenkrieg. Vorw\u00fcrfe, Uneinsichtigkeit und &#8222;h\u00e4ssliche Worte&#8220; bestimmen die Kommunikation zwischen Marie und Olaf. &#8222;Marie will Krieg [&#8230;] Sie zerst\u00f6rt alles&#8220;, wirft Olaf seiner Noch-Ehefrau vor. Marie wirft Olaf wiederum vor, ihr Schilden der Farm verschwiegen zu haben.<\/p>\n<p class=\"text-18 leading-17\">Olaf Heidtke hat die Farm mittlerweile verlassen und wohnt bei einem Freund in Port Elisabeth, Marie lebt mit dem j\u00fcngsten Kind auf der Farm weiter. Die beiden S\u00f6hne teilen sich mittlerweile eine eigene Wohnung.<\/p>\n<p class=\"text-18 leading-17\">Olaf will die Farm nun verkaufen, um finanzielle Schadensbegrenzung zu betreiben. Er hatte das Grundst\u00fcck elf Jahre vor der Hochzeit mit Marie f\u00fcr 70.000 Euro gekauft. Sie geh\u00f6rt also rechtlich ihm allein.<\/p>\n<p class=\"text-18 leading-17\">F\u00fcr Marie sei der m\u00f6gliche Verkauf der Farm aber eine &#8222;Zerst\u00f6rung&#8220; und ein &#8222;Angriff&#8220; auf die Familie. Sie wolle sich weigern, dort auszuziehen.<\/p>\n<p class=\"text-18 leading-17\">Die einzige Hoffnung best\u00fcnde darin, einen Investor zu finden, der Marie auf der Farm wohnen l\u00e4sst. Sie wolle die Hoffnung nicht aufgeben. Auch Olaf hofft auf eine L\u00f6sung, mit der alle leben k\u00f6nnen. Er w\u00fcnscht sich, dass trotz des Rosenkriegs alle zusammen \u2013 mit den Kindern \u2013 in S\u00fcdafrika bleiben k\u00f6nnen.<\/p>\n<p class=\"text-18 leading-17\">Mittlereile gibt es zwei Kaufinteressenten f\u00fcr die Farm. Wie es weitergeht, ist noch ungewiss.<\/p>\n","protected":false},"excerpt":{"rendered":"Rosenkrieg in S\u00fcdafrika Auswanderer aus Hannover stehen vor Scherbenhaufen 31.05.2025 &#8211; 09:09 UhrLesedauer: 2 Min. Das Logo zur&hellip;\n","protected":false},"author":2,"featured_media":153612,"comment_status":"","ping_status":"","sticky":false,"template":"","format":"standard","meta":{"footnotes":""},"categories":[2],"tags":[54354,331,3924,332,3922,3364,29,30,12195,46,13,1460,54350,14,3923,15,3921,54351,54352,54353,12,7116],"class_list":{"0":"post-153611","1":"post","2":"type-post","3":"status-publish","4":"format-standard","5":"has-post-thumbnail","7":"category-deutschland","8":"tag-54354","9":"tag-aktuelle-nachrichten","10":"tag-aktuelle-nachrichten-aus-deutschland","11":"tag-aktuelle-news","12":"tag-aktuelle-news-aus-deutschland","13":"tag-de","14":"tag-deutschland","15":"tag-germany","16":"tag-goodbye-deutschland","17":"tag-hannover","18":"tag-headlines","19":"tag-kind","20":"tag-marie-heidtke","21":"tag-nachrichten","22":"tag-nachrichten-aus-deutschland","23":"tag-news","24":"tag-news-aus-deutschland","25":"tag-olaf-heidtke","26":"tag-rosenkrieg","27":"tag-scherbenhaufen","28":"tag-schlagzeilen","29":"tag-suedafrika"},"share_on_mastodon":{"url":"https:\/\/pubeurope.com\/@de\/114601348666465178","error":""},"_links":{"self":[{"href":"https:\/\/www.europesays.com\/de\/wp-json\/wp\/v2\/posts\/153611","targetHints":{"allow":["GET"]}}],"collection":[{"href":"https:\/\/www.europesays.com\/de\/wp-json\/wp\/v2\/posts"}],"about":[{"href":"https:\/\/www.europesays.com\/de\/wp-json\/wp\/v2\/types\/post"}],"author":[{"embeddable":true,"href":"https:\/\/www.europesays.com\/de\/wp-json\/wp\/v2\/users\/2"}],"replies":[{"embeddable":true,"href":"https:\/\/www.europesays.com\/de\/wp-json\/wp\/v2\/comments?post=153611"}],"version-history":[{"count":0,"href":"https:\/\/www.europesays.com\/de\/wp-json\/wp\/v2\/posts\/153611\/revisions"}],"wp:featuredmedia":[{"embeddable":true,"href":"https:\/\/www.europesays.com\/de\/wp-json\/wp\/v2\/media\/153612"}],"wp:attachment":[{"href":"https:\/\/www.europesays.com\/de\/wp-json\/wp\/v2\/media?parent=153611"}],"wp:term":[{"taxonomy":"category","embeddable":true,"href":"https:\/\/www.europesays.com\/de\/wp-json\/wp\/v2\/categories?post=153611"},{"taxonomy":"post_tag","embeddable":true,"href":"https:\/\/www.europesays.com\/de\/wp-json\/wp\/v2\/tags?post=153611"}],"curies":[{"name":"wp","href":"https:\/\/api.w.org\/{rel}","templated":true}]}}