{"id":153618,"date":"2025-05-31T07:52:26","date_gmt":"2025-05-31T07:52:26","guid":{"rendered":"https:\/\/www.europesays.com\/de\/153618\/"},"modified":"2025-05-31T07:52:26","modified_gmt":"2025-05-31T07:52:26","slug":"polizei-beschlagnahmt-sechs-autos-bei-kontrolle-in-asterlagen","status":"publish","type":"post","link":"https:\/\/www.europesays.com\/de\/153618\/","title":{"rendered":"Polizei beschlagnahmt sechs Autos bei Kontrolle in Asterlagen"},"content":{"rendered":"<p class=\"text_ohne_einzug richtext text-em-55 !leading-serif mx-6 desktop:mx-0\">  Im Rahmen eines Schwerpunkteinsatzes gegen die sogenannte RPD-Szene (Raser-Poser-Dater) kontrollierte die <a href=\"https:\/\/rp-online.de\/thema\/polizei\/\" rel=\"nofollow noopener\" target=\"_blank\">Polizei<\/a> in der Nacht von Mittwoch auf Donnerstag rund 350 Personen und 150 Fahrzeuge im Business-Park Asterlagen. Das teilte die Polizei am Freitag mit.<\/p>\n<p class=\"richtext text-em-55 !leading-serif mx-6 desktop:mx-0\">Die Teilnehmer kamen aus mehreren St\u00e4dten aus NRW. Die Szene hatte sich dort getroffen, um dort zu driften und sogenannte \u201eDonuts&#8220; zu drehen.<\/p>\n<p class=\"richtext text-em-55 !leading-serif mx-6 desktop:mx-0\">Die kontrollierten Personen waren gegen\u00fcber den Beamten teilweise \u201eaggressiv und unkooperativ\u201c, hei\u00dft es in der Mitteilung. Dabei sei auch ein Streifenwagen besch\u00e4digt worden, so die Polizei. Die Ermittlungen dazu dauern an. Die Kennzeichen der Fahrzeuge waren mitunter abgeklebt und nicht lesbar. Einige Autos waren zudem nach Polizeiangaben illegal umgebaut.<\/p>\n<p class=\"richtext text-em-55 !leading-serif mx-6 desktop:mx-0\">W\u00e4hrend des Schwerpunkteinsatzes stellte die Polizei insgesamt sechs getunte Wagen sicher. Sie leitete zudem 25 Ordnungswidrigkeitsverfahren ein, erhob 32 Verwarnungsgelder, schrieb zwei Strafanzeigen und erteilte zehn Platzverweise.<\/p>\n<p class=\"richtext text-em-55 !leading-serif mx-6 desktop:mx-0\">Wer mit dem Auto \u201eDonuts&#8220; dreht oder driftet, gef\u00e4hrdet nicht nur sich selbst, sondern mitunter auch Unbeteiligte \u2013 oft mit fatalen Folgen. Um die Gesundheit und die Sicherheit aller B\u00fcrgerinnen und B\u00fcrger zu gew\u00e4hrleisten, werde die Polizei auch weiterhin gegen Verkehrss\u00fcnder vorgehen, ihnen Grenzen aufzeigen und Verst\u00f6\u00dfe konsequent ahnden, hei\u00dft es in der Mitteilung.<\/p>\n","protected":false},"excerpt":{"rendered":"Im Rahmen eines Schwerpunkteinsatzes gegen die sogenannte RPD-Szene (Raser-Poser-Dater) kontrollierte die Polizei in der Nacht von Mittwoch auf&hellip;\n","protected":false},"author":2,"featured_media":153619,"comment_status":"","ping_status":"","sticky":false,"template":"","format":"standard","meta":{"footnotes":""},"categories":[1838],"tags":[54367,34913,54366,3364,29,54365,54368,3715,30,16094,1209,18082,6642,18172,13205],"class_list":{"0":"post-153618","1":"post","2":"type-post","3":"status-publish","4":"format-standard","5":"has-post-thumbnail","7":"category-duisburg","8":"tag-54367","9":"tag-asterlagen","10":"tag-dater","11":"tag-de","12":"tag-deutschland","13":"tag-donuts","14":"tag-drehen","15":"tag-duisburg","16":"tag-germany","17":"tag-getroffen","18":"tag-nordrhein-westfalen","19":"tag-poser","20":"tag-raser","21":"tag-staedten","22":"tag-szene"},"share_on_mastodon":{"url":"https:\/\/pubeurope.com\/@de\/114601364263975508","error":""},"_links":{"self":[{"href":"https:\/\/www.europesays.com\/de\/wp-json\/wp\/v2\/posts\/153618","targetHints":{"allow":["GET"]}}],"collection":[{"href":"https:\/\/www.europesays.com\/de\/wp-json\/wp\/v2\/posts"}],"about":[{"href":"https:\/\/www.europesays.com\/de\/wp-json\/wp\/v2\/types\/post"}],"author":[{"embeddable":true,"href":"https:\/\/www.europesays.com\/de\/wp-json\/wp\/v2\/users\/2"}],"replies":[{"embeddable":true,"href":"https:\/\/www.europesays.com\/de\/wp-json\/wp\/v2\/comments?post=153618"}],"version-history":[{"count":0,"href":"https:\/\/www.europesays.com\/de\/wp-json\/wp\/v2\/posts\/153618\/revisions"}],"wp:featuredmedia":[{"embeddable":true,"href":"https:\/\/www.europesays.com\/de\/wp-json\/wp\/v2\/media\/153619"}],"wp:attachment":[{"href":"https:\/\/www.europesays.com\/de\/wp-json\/wp\/v2\/media?parent=153618"}],"wp:term":[{"taxonomy":"category","embeddable":true,"href":"https:\/\/www.europesays.com\/de\/wp-json\/wp\/v2\/categories?post=153618"},{"taxonomy":"post_tag","embeddable":true,"href":"https:\/\/www.europesays.com\/de\/wp-json\/wp\/v2\/tags?post=153618"}],"curies":[{"name":"wp","href":"https:\/\/api.w.org\/{rel}","templated":true}]}}