{"id":153636,"date":"2025-05-31T08:02:13","date_gmt":"2025-05-31T08:02:13","guid":{"rendered":"https:\/\/www.europesays.com\/de\/153636\/"},"modified":"2025-05-31T08:02:13","modified_gmt":"2025-05-31T08:02:13","slug":"erneuter-brand-in-leerstehendem-gebaeude","status":"publish","type":"post","link":"https:\/\/www.europesays.com\/de\/153636\/","title":{"rendered":"Erneuter Brand in leerstehendem Geb\u00e4ude"},"content":{"rendered":"<p>Brand in Essen sorgt erneut f\u00fcr Feuerwehreinsatz<\/p>\n<p>In Essen wurden am Freitagabend (30. Mai) gegen 20:30 Uhr Feuerwehr und Polizei zu einem Brand an der Hachestra\u00dfe in der Innenstadt alarmiert. Der Brand brach im ersten Obergeschoss eines leerstehenden Geb\u00e4udes aus. Vor Ort stellten die Einsatzkr\u00e4fte eine starke Rauchentwicklung fest. Personen wurden im Geb\u00e4ude nicht angetroffen, verletzt wurde ebenfalls niemand. Zwar entstand kein Geb\u00e4udeschaden, allerdings wurden Gegenst\u00e4nde im Inneren durch das Feuer besch\u00e4digt, so die Polizei auf Radio Essen-Nachfrage. Die Polizei ermittelt jetzt zur Brandursache. Es nicht das erste Mal, dass es in dem Haus brennt \u2013 <a href=\"https:\/\/www.radioessen.de\/artikel\/feuerwehr-essen-muss-erneut-brand-in-der-innenstadt-loeschen-2315367.html\" rel=\"noopener noreferrer\" target=\"_blank\">zuletzt gab es dort am 3. Mai einen Einsatz.<\/a><\/p>\n<p>Mehr Nachrichten aus Essen<img loading=\"lazy\" decoding=\"async\" src=\"https:\/\/www.europesays.com\/de\/wp-content\/uploads\/2025\/05\/8c1e4757b8f947a5bef9000dd16e26d3.gif\" width=\"1\" height=\"1\" alt=\"\"\/><\/p>\n","protected":false},"excerpt":{"rendered":"Brand in Essen sorgt erneut f\u00fcr Feuerwehreinsatz In Essen wurden am Freitagabend (30. Mai) gegen 20:30 Uhr Feuerwehr&hellip;\n","protected":false},"author":2,"featured_media":153637,"comment_status":"","ping_status":"","sticky":false,"template":"","format":"standard","meta":{"footnotes":""},"categories":[1834],"tags":[3275,18052,2919,3364,29,3688,985,30,1209,121],"class_list":{"0":"post-153636","1":"post","2":"type-post","3":"status-publish","4":"format-standard","5":"has-post-thumbnail","7":"category-essen","8":"tag-lokalnachrichten","9":"tag-lost-places","10":"tag-brand","11":"tag-de","12":"tag-deutschland","13":"tag-essen","14":"tag-feuerwehr","15":"tag-germany","16":"tag-nordrhein-westfalen","17":"tag-polizei"},"share_on_mastodon":{"url":"https:\/\/pubeurope.com\/@de\/114601403579548678","error":""},"_links":{"self":[{"href":"https:\/\/www.europesays.com\/de\/wp-json\/wp\/v2\/posts\/153636","targetHints":{"allow":["GET"]}}],"collection":[{"href":"https:\/\/www.europesays.com\/de\/wp-json\/wp\/v2\/posts"}],"about":[{"href":"https:\/\/www.europesays.com\/de\/wp-json\/wp\/v2\/types\/post"}],"author":[{"embeddable":true,"href":"https:\/\/www.europesays.com\/de\/wp-json\/wp\/v2\/users\/2"}],"replies":[{"embeddable":true,"href":"https:\/\/www.europesays.com\/de\/wp-json\/wp\/v2\/comments?post=153636"}],"version-history":[{"count":0,"href":"https:\/\/www.europesays.com\/de\/wp-json\/wp\/v2\/posts\/153636\/revisions"}],"wp:featuredmedia":[{"embeddable":true,"href":"https:\/\/www.europesays.com\/de\/wp-json\/wp\/v2\/media\/153637"}],"wp:attachment":[{"href":"https:\/\/www.europesays.com\/de\/wp-json\/wp\/v2\/media?parent=153636"}],"wp:term":[{"taxonomy":"category","embeddable":true,"href":"https:\/\/www.europesays.com\/de\/wp-json\/wp\/v2\/categories?post=153636"},{"taxonomy":"post_tag","embeddable":true,"href":"https:\/\/www.europesays.com\/de\/wp-json\/wp\/v2\/tags?post=153636"}],"curies":[{"name":"wp","href":"https:\/\/api.w.org\/{rel}","templated":true}]}}