{"id":153651,"date":"2025-05-31T08:10:16","date_gmt":"2025-05-31T08:10:16","guid":{"rendered":"https:\/\/www.europesays.com\/de\/153651\/"},"modified":"2025-05-31T08:10:16","modified_gmt":"2025-05-31T08:10:16","slug":"mhp-arena-in-stuttgart-zu-teuer-solaranlage-auf-vfb-stadiondach-kommt-nicht","status":"publish","type":"post","link":"https:\/\/www.europesays.com\/de\/153651\/","title":{"rendered":"MHP-Arena in Stuttgart: Zu teuer \u2013 Solaranlage auf VfB-Stadiondach kommt nicht"},"content":{"rendered":"<p>\t\t\t\t\t\t\t\t\t\t\t\t\t\t\t\t\t\t\t\t\t\t\t\t\t\t\t\t      \t\t            \t\t             \t\t\t\t   \t\t\t\t\t   <img decoding=\"async\" id=\"article-image\" fetchpriority=\"high\" alt=\"MHP-Arena in Stuttgart: Zu teuer \u2013 Solaranlage auf VfB-Stadiondach kommt nicht\" title=\"MHP-Arena in Stuttgart: Zu teuer \u2013 Solaranlage auf VfB-Stadiondach kommt nicht\" src=\"https:\/\/www.europesays.com\/de\/wp-content\/uploads\/2025\/05\/media.media.d38e277e-c4b8-4293-849d-1a10184731fb.16x9_700.jpg\" data-linkto=\"https:\/\/www.stuttgarter-nachrichten.de\/javascript:void(0);\"\/>\t\t\t\t\t\t\t\t\t\t\t\t\t\t\t\t\t\t\t\t\t\t\t\tDachverst\u00e4rkung und Unterbau f\u00fcr eine Solaranlage auf dem Stadion w\u00e4ren sehr teuer geworden.\u00a0Foto: Archiv Pressefoto Baumann\t\t\t<\/p>\n<p>Sie sollte ein Leuchtturm-Projekt werden, wenn auch ein unwirtschaftliches: die Solaranlage auf der MHP-Arena in Stuttgart. Nun hat sich die Stadt von den Ursprungspl\u00e4nen verabschiedet.<\/p>\n<p>Dass sich das Ganze wirtschaftlich nicht rechnen w\u00fcrde, war bereits 2023 bekannt. <a href=\"https:\/\/www.stuttgarter-nachrichten.de\/inhalt.fotovoltaik-auf-mhp-arena-mehrheit-fuer-sonnenstrom-vom-stadiondach.30a94ad6-a1e6-4492-9bcb-1f6711a0313c.html\" target=\"_blank\" rel=\"noopener\">Damals wurde im Stuttgarter Gemeinderat sehr kontrovers <\/a>\u00fcber die Sinnhaftigkeit der <a href=\"https:\/\/www.stuttgarter-nachrichten.de\/thema\/Solaranlage\" title=\"Solaranlage\" class=\"art_thema\" target=\"_blank\" rel=\"noopener\">Solaranlage<\/a> auf dem <a href=\"https:\/\/www.stuttgarter-nachrichten.de\/thema\/Stadion\" title=\"Stadion\" class=\"art_thema\" target=\"_blank\" rel=\"noopener\">Stadion<\/a>dach der MHP-Arena, Spielst\u00e4tte des <a href=\"https:\/\/www.stuttgarter-nachrichten.de\/thema\/VfB_Stuttgart\" title=\"VfB\" class=\"art_thema\" target=\"_blank\" rel=\"noopener\">VfB<\/a> <a href=\"https:\/\/www.stuttgarter-nachrichten.de\/thema\/Stuttgart\" title=\"Stuttgart\" class=\"art_thema\" target=\"_blank\" rel=\"noopener\">Stuttgart<\/a>, diskutiert. Der Grund: Die Kosten f\u00fcr Dachverst\u00e4rkung und speziellen Unterbau: 3,5 Millionen Euro. Weil f\u00fcr eine \u00f6kosoziale Mehrheit aber \ufeffder Symbolcharakter schwerer wog, bekam das Projekt in Bad Cannstatt gr\u00fcnes Licht.<\/p>\n<p>Doch alles Wollen hilft am Ende nichts. Die Stadtverwaltung hat das Projekt in seiner urspr\u00fcnglich erwogenen Form nun abgeblasen. \u201eDas urspr\u00fcngliche Vergabeverfahren f\u00fcr die Anbringungstechnik musste aus wirtschaftlichen Gr\u00fcnden aufgehoben werden\u201c, teilt Harald Knitter, Sprecher der Stadt, auf Nachfrage mit. <\/p>\n<p>  <img decoding=\"async\" loading=\"lazy\" src=\"https:\/\/www.europesays.com\/de\/wp-content\/uploads\/2025\/05\/media.media.113de9b5-3e12-4c0e-a2e8-3ab5981097f7.original1024.media.jpeg\"\/>     Solarenergie in Stadionn\u00e4he? Die Stadt Stuttgart \u00fcberlegt neu.    Foto: dpa\/Patrick Pleul    <\/p>\n<p>Ein zweites Verfahren sei ebenfalls fehlgeschlagen. \u201eEs lie\u00df erkennen, dass sich das einzige zu erwartende Angebot wiederum in der Gr\u00f6\u00dfenordnung des Angebots im urspr\u00fcnglichen Verfahren bewegen w\u00fcrde.\u201c Einen dritten Anlauf werde es nicht geben, sagt Knitter.<\/p>\n<p><img decoding=\"async\" class=\"meinvfbIcon\" src=\"https:\/\/www.europesays.com\/de\/wp-content\/uploads\/2025\/04\/media.media.0ea35dc3-cd0f-4f5f-9738-e5db772ac229.original.svg.svg+xml\"\/> <\/p>\n<p>Die gro\u00dfe Chance, die sich die F\u00fcrsprecher der Stadion-Solaranlage versprochen hatten, ist ohnehin im vergangenen Jahr verstrichen. Eigentlich war das Ziel, bei der Fu\u00dfball-Europameisterschaft mit einem runderneuerten Stadion samt Solarzellen zu gl\u00e4nzen. Die EM ist seit einem Jahr abgepfiffen \u2013 das umstrittene Fotovoltaik-Projekt nun auch.<\/p>\n<p>Stadt Stuttgart erw\u00e4gt Alternative  <\/p>\n<p>Laut Stadt laufen stattdessen \u00dcberlegungen f\u00fcr Alternativen \u201ein Stadionn\u00e4he\u201c, wie Knitter sagt. Beispielsweise f\u00fcr das Parkhaus P1. \u201eDer Zeitplan sieht vor, bis zum dritten Quartal 2025 hierf\u00fcr eine Planung zu erarbeiten, ein Umsetzungsmodell zu erstellen und letztlich die Finanzierung sicherzustellen.\u201c Eine Umsetzung sei fr\u00fchestens 2026 realistisch.<\/p>\n","protected":false},"excerpt":{"rendered":"Dachverst\u00e4rkung und Unterbau f\u00fcr eine Solaranlage auf dem Stadion w\u00e4ren sehr teuer geworden.\u00a0Foto: Archiv Pressefoto Baumann Sie sollte&hellip;\n","protected":false},"author":2,"featured_media":153652,"comment_status":"","ping_status":"","sticky":false,"template":"","format":"standard","meta":{"footnotes":""},"categories":[1830],"tags":[1634,3364,29,8919,30,1523,6770,8424,2185,1441,2915],"class_list":{"0":"post-153651","1":"post","2":"type-post","3":"status-publish","4":"format-standard","5":"has-post-thumbnail","7":"category-stuttgart","8":"tag-baden-wuerttemberg","9":"tag-de","10":"tag-deutschland","11":"tag-exklusiv","12":"tag-germany","13":"tag-photovoltaik","14":"tag-solaranlage","15":"tag-stadion","16":"tag-strom","17":"tag-stuttgart","18":"tag-vfb-stuttgart"},"share_on_mastodon":{"url":"https:\/\/pubeurope.com\/@de\/114601435157580461","error":""},"_links":{"self":[{"href":"https:\/\/www.europesays.com\/de\/wp-json\/wp\/v2\/posts\/153651","targetHints":{"allow":["GET"]}}],"collection":[{"href":"https:\/\/www.europesays.com\/de\/wp-json\/wp\/v2\/posts"}],"about":[{"href":"https:\/\/www.europesays.com\/de\/wp-json\/wp\/v2\/types\/post"}],"author":[{"embeddable":true,"href":"https:\/\/www.europesays.com\/de\/wp-json\/wp\/v2\/users\/2"}],"replies":[{"embeddable":true,"href":"https:\/\/www.europesays.com\/de\/wp-json\/wp\/v2\/comments?post=153651"}],"version-history":[{"count":0,"href":"https:\/\/www.europesays.com\/de\/wp-json\/wp\/v2\/posts\/153651\/revisions"}],"wp:featuredmedia":[{"embeddable":true,"href":"https:\/\/www.europesays.com\/de\/wp-json\/wp\/v2\/media\/153652"}],"wp:attachment":[{"href":"https:\/\/www.europesays.com\/de\/wp-json\/wp\/v2\/media?parent=153651"}],"wp:term":[{"taxonomy":"category","embeddable":true,"href":"https:\/\/www.europesays.com\/de\/wp-json\/wp\/v2\/categories?post=153651"},{"taxonomy":"post_tag","embeddable":true,"href":"https:\/\/www.europesays.com\/de\/wp-json\/wp\/v2\/tags?post=153651"}],"curies":[{"name":"wp","href":"https:\/\/api.w.org\/{rel}","templated":true}]}}