{"id":153662,"date":"2025-05-31T08:16:08","date_gmt":"2025-05-31T08:16:08","guid":{"rendered":"https:\/\/www.europesays.com\/de\/153662\/"},"modified":"2025-05-31T08:16:08","modified_gmt":"2025-05-31T08:16:08","slug":"champions-league-musik-acts-beim-finale-in-muenchen-wer-sind-die-bands-und-kuenstler-saengerin-von-linkin-park-originalsong-von-der-eroeffnungszeremonie-lieder-sowie-uhrzeiten-der-auftritte","status":"publish","type":"post","link":"https:\/\/www.europesays.com\/de\/153662\/","title":{"rendered":"Champions League, Musik Acts beim Finale in M\u00fcnchen: Wer sind die Bands und K\u00fcnstler? S\u00e4ngerin von Linkin Park, Originalsong von der Er\u00f6ffnungszeremonie, Lieder sowie Uhrzeiten der Auftritte"},"content":{"rendered":"<p>Beim Champions-League-Finale 2025 dreht sich nicht alles nur um Fu\u00dfball \u2013 auch musikalisch wird einiges geboten! SPOX liefert Euch die Informationen.<\/p>\n<p>Das Endspiel der UEFA Champions League findet am heutigen Sonntag, den 31. Mai, in der Allianz Arena in M\u00fcnchen statt. Das Duell zwischen Paris Saint-Germain und Inter Mailand wird von einer spektakul\u00e4ren Show begleitet. Kurz vor dem Anpfiff tritt unter anderem eine der gr\u00f6\u00dften Musikbands aller Zeiten auf.<\/p>\n<p>Alle Infos rund um die Show findet Ihr in diesem Artikel.<\/p>\n","protected":false},"excerpt":{"rendered":"Beim Champions-League-Finale 2025 dreht sich nicht alles nur um Fu\u00dfball \u2013 auch musikalisch wird einiges geboten! SPOX liefert&hellip;\n","protected":false},"author":2,"featured_media":153663,"comment_status":"","ping_status":"","sticky":false,"template":"","format":"standard","meta":{"footnotes":""},"categories":[1827],"tags":[772,468,29,347,30,9007,1268,23613,54373],"class_list":{"0":"post-153662","1":"post","2":"type-post","3":"status-publish","4":"format-standard","5":"has-post-thumbnail","7":"category-muenchen","8":"tag-bayern","9":"tag-champions-league","10":"tag-deutschland","11":"tag-fussball","12":"tag-germany","13":"tag-inter-mailand","14":"tag-muenchen","15":"tag-paris-saint-germain","16":"tag-paris-saint-germain-vs-inter-mailand"},"share_on_mastodon":{"url":"","error":""},"_links":{"self":[{"href":"https:\/\/www.europesays.com\/de\/wp-json\/wp\/v2\/posts\/153662","targetHints":{"allow":["GET"]}}],"collection":[{"href":"https:\/\/www.europesays.com\/de\/wp-json\/wp\/v2\/posts"}],"about":[{"href":"https:\/\/www.europesays.com\/de\/wp-json\/wp\/v2\/types\/post"}],"author":[{"embeddable":true,"href":"https:\/\/www.europesays.com\/de\/wp-json\/wp\/v2\/users\/2"}],"replies":[{"embeddable":true,"href":"https:\/\/www.europesays.com\/de\/wp-json\/wp\/v2\/comments?post=153662"}],"version-history":[{"count":0,"href":"https:\/\/www.europesays.com\/de\/wp-json\/wp\/v2\/posts\/153662\/revisions"}],"wp:featuredmedia":[{"embeddable":true,"href":"https:\/\/www.europesays.com\/de\/wp-json\/wp\/v2\/media\/153663"}],"wp:attachment":[{"href":"https:\/\/www.europesays.com\/de\/wp-json\/wp\/v2\/media?parent=153662"}],"wp:term":[{"taxonomy":"category","embeddable":true,"href":"https:\/\/www.europesays.com\/de\/wp-json\/wp\/v2\/categories?post=153662"},{"taxonomy":"post_tag","embeddable":true,"href":"https:\/\/www.europesays.com\/de\/wp-json\/wp\/v2\/tags?post=153662"}],"curies":[{"name":"wp","href":"https:\/\/api.w.org\/{rel}","templated":true}]}}