{"id":153670,"date":"2025-05-31T08:20:10","date_gmt":"2025-05-31T08:20:10","guid":{"rendered":"https:\/\/www.europesays.com\/de\/153670\/"},"modified":"2025-05-31T08:20:10","modified_gmt":"2025-05-31T08:20:10","slug":"person-stuerzt-in-spree-grosseinsatz-in-rummelsburg","status":"publish","type":"post","link":"https:\/\/www.europesays.com\/de\/153670\/","title":{"rendered":"Person st\u00fcrzt in Spree \u2013 Gro\u00dfeinsatz in Rummelsburg"},"content":{"rendered":"<p class=\"font-sans font-medium\">Berlin. In Rummelsburg ist am Donnerstag ein Mensch von einem Partyboot gefallen. Ein Gro\u00dfaufgebot suchte nach der vermissten Person. News im Blog.<\/p>\n<ul>\n<li>Einsatz in Rummelsburg: Person f\u00e4llt von Partyboot in die Spree<\/li>\n<\/ul>\n<p>Hier finden Sie die aktuellen Meldungen von <a href=\"https:\/\/www.morgenpost.de\/berlin\/polizei-berlin\/\" data-category-full-path=\"https:\/\/www.morgenpost.de\/berlin\/\" data-paid-status=\"free\" data-article-publish-date=\"1625062819\" rel=\"nofollow noopener\" target=\"_blank\">Polizei<\/a> und <a href=\"https:\/\/www.morgenpost.de\/berlin\/feuerwehr-berlin\/\" data-category-full-path=\"https:\/\/www.morgenpost.de\/berlin\/\" data-paid-status=\"free\" data-article-publish-date=\"1625060936\" rel=\"nofollow noopener\" target=\"_blank\">Feuerwehr<\/a> aus <a href=\"https:\/\/www.morgenpost.de\/themen\/berlin\/\" target=\"_blank\" rel=\"nofollow noopener\">Berlin<\/a> und <a href=\"https:\/\/www.morgenpost.de\/themen\/brandenburg\/\" target=\"_blank\" rel=\"nofollow noopener\">Brandenburg<\/a> im Newsblog. <a href=\"https:\/\/www.morgenpost.de\/berlin\/article409154171\/berlin-polizei-feuerwehr-news-blaulicht-aktuell-3005-streit-hellersdorf-messer-verletzter.html\" data-category-full-path=\"https:\/\/www.morgenpost.de\/berlin\/\" data-paid-status=\"free\" data-article-publish-date=\"1748677838\" rel=\"nofollow noopener\" target=\"_blank\">Die Meldungen vom Vortag lesen Sie hier.<\/a><\/p>\n<p>  Blaulicht-News aus Berlin und Brandenburg vom 31. Mai: Gro\u00dfeinsatz der Wasserrettung in Rummelsburg \u2013 Person st\u00fcrzt in die Spree und \u00fcberlebt  <\/p>\n<p>9.49 Uhr: In <strong>Rummelsburg <\/strong>hat ein Zwischenfall auf einem Partyboot am Donnerstagabend einen gr\u00f6\u00dferen Rettungseinsatz ausgel\u00f6st. Eine Person war gegen 22.25 Uhr von Bord gest\u00fcrzt und zun\u00e4chst nicht wieder aufgetaucht, wie ein Feuerwehrsprecher mitteilte.<\/p>\n<p>   Morgenpost Sp\u00e4ti<\/p>\n<p class=\"text-body2 mt-2\">Hier steckt alles drin: Ihr Berlin-Update zum Feierabend \u2013 montags bis freitags um 18 Uhr.<\/p>\n<p class=\"text-caption text-copy-secondary\">\n          Mit meiner Anmeldung zum Newsletter stimme ich der<br \/>\n          <a href=\"https:\/\/www.morgenpost.de\/service\/newsletter-adconsent\" class=\"text-overline text-copy-accent-negative dark:underline\" rel=\"nofollow noopener\" target=\"_blank\">Werbevereinbarung<\/a><br \/>\n          zu.\n        <\/p>\n<p>Daraufhin wurden Einsatzkr\u00e4fte der Feuerwehr sowie der Wasserrettung von DLRG und ASB alarmiert. Insgesamt acht Rettungsboote suchten die Spree ab, Taucher standen bereit. Schlie\u00dflich entdeckten Polizeikr\u00e4fte die <strong>vermisste Person<\/strong> am Ufer. <\/p>\n<p>Der Rettungsdienst \u00fcbernahm die <strong>Erstversorgung<\/strong>, anschlie\u00dfend wurde die Person in ein Krankenhaus gebracht.<\/p>\n<p rel=\"author\" class=\"text-brand\">BM\/dpa<\/p>\n","protected":false},"excerpt":{"rendered":"Berlin. In Rummelsburg ist am Donnerstag ein Mensch von einem Partyboot gefallen. Ein Gro\u00dfaufgebot suchte nach der vermissten&hellip;\n","protected":false},"author":2,"featured_media":153671,"comment_status":"","ping_status":"","sticky":false,"template":"","format":"standard","meta":{"footnotes":""},"categories":[1825],"tags":[1941,1939,296,1937,29,30,1940,1938],"class_list":{"0":"post-153670","1":"post","2":"type-post","3":"status-publish","4":"format-standard","5":"has-post-thumbnail","7":"category-berlin","8":"tag-aktuelle-nachrichten-aus-berlin","9":"tag-aktuelle-news-aus-berlin","10":"tag-berlin","11":"tag-berlin-news","12":"tag-deutschland","13":"tag-germany","14":"tag-nachrichten-aus-berlin","15":"tag-news-aus-berlin"},"share_on_mastodon":{"url":"https:\/\/pubeurope.com\/@de\/114601474390500534","error":""},"_links":{"self":[{"href":"https:\/\/www.europesays.com\/de\/wp-json\/wp\/v2\/posts\/153670","targetHints":{"allow":["GET"]}}],"collection":[{"href":"https:\/\/www.europesays.com\/de\/wp-json\/wp\/v2\/posts"}],"about":[{"href":"https:\/\/www.europesays.com\/de\/wp-json\/wp\/v2\/types\/post"}],"author":[{"embeddable":true,"href":"https:\/\/www.europesays.com\/de\/wp-json\/wp\/v2\/users\/2"}],"replies":[{"embeddable":true,"href":"https:\/\/www.europesays.com\/de\/wp-json\/wp\/v2\/comments?post=153670"}],"version-history":[{"count":0,"href":"https:\/\/www.europesays.com\/de\/wp-json\/wp\/v2\/posts\/153670\/revisions"}],"wp:featuredmedia":[{"embeddable":true,"href":"https:\/\/www.europesays.com\/de\/wp-json\/wp\/v2\/media\/153671"}],"wp:attachment":[{"href":"https:\/\/www.europesays.com\/de\/wp-json\/wp\/v2\/media?parent=153670"}],"wp:term":[{"taxonomy":"category","embeddable":true,"href":"https:\/\/www.europesays.com\/de\/wp-json\/wp\/v2\/categories?post=153670"},{"taxonomy":"post_tag","embeddable":true,"href":"https:\/\/www.europesays.com\/de\/wp-json\/wp\/v2\/tags?post=153670"}],"curies":[{"name":"wp","href":"https:\/\/api.w.org\/{rel}","templated":true}]}}