{"id":153681,"date":"2025-05-31T08:26:09","date_gmt":"2025-05-31T08:26:09","guid":{"rendered":"https:\/\/www.europesays.com\/de\/153681\/"},"modified":"2025-05-31T08:26:09","modified_gmt":"2025-05-31T08:26:09","slug":"retro-fieber-und-fernproduktion-die-fotonews-der-woche-22-2025","status":"publish","type":"post","link":"https:\/\/www.europesays.com\/de\/153681\/","title":{"rendered":"Retro-Fieber und Fernproduktion \u2013 die Fotonews der Woche 22\/2025"},"content":{"rendered":"<ol class=\"a-toc__list\">\n<li class=\"a-toc__item&#10;          &#10;            a-toc__item--counter&#10;          &#10;            a-toc__item--current\">\n<p>              Retro-Fieber und Fernproduktion \u2013 die Fotonews der Woche 22\/2025<\/p>\n<\/li>\n<\/ol>\n<p>Die Fotografie erlebt derzeit eine Renaissance des Analogen im Digitalen, und diese Woche liefert gleich mehrere Beispiele daf\u00fcr, wie Hersteller versuchen, die Magie klassischer Kameras in moderne Technik zu \u00fcbersetzen \u2013 mit \u00fcberraschenden Produktionswegen.<\/p>\n<p>    <img loading=\"lazy\" decoding=\"async\" alt=\"Das Titelbild der Ausgabe 01 2025 des Foto-Magazins c't Fotografie\" height=\"2000\" src=\"data:image\/svg+xml,%3Csvg xmlns='http:\/\/www.w3.org\/2000\/svg' width='696px' height='391px' viewBox='0 0 696 391'%3E%3Crect x='0' y='0' width='696' height='391' fill='%23f2f2f2'%3E%3C\/rect%3E%3C\/svg%3E\" style=\"aspect-ratio: 1414 \/ 2000; object-fit: cover;\" width=\"1414\"\/><\/p>\n<p>Fuji X-Half: Produziert von &#8222;Canon&#8220;, aber nicht dem Canon<\/p>\n<p>Die k\u00fcrzlich vorgestellte Fujifilm X-Half sorgt f\u00fcr Verwirrung in der Fotoszene: Sie wird nicht von Fujifilm selbst produziert, sondern von einem Unternehmen, das in China tats\u00e4chlich den Namen &#8222;Canon&#8220; tr\u00e4gt. Doch der japanische Kamera-Riese <a href=\"https:\/\/www.fujirumors.com\/is-the-fujifilm-x-half-made-by-canon-sort-of\/\" rel=\"external noopener\" target=\"_blank\">Canon hat nichts damit zu tun<\/a>.<\/p>\n<p>Bei genauerer Betrachtung handelt es sich um das taiwanesische Unternehmen &#8222;Ability Enterprise Co., Ltd.&#8220;, das fr\u00fcher als Verkaufsvertreter von Canon in Taiwan fungierte und den chinesischen Namen \u4f73\u80fd\u80a1\u4efd\u6709\u9650\u516c\u53f8 f\u00fchrt \u2013 was tats\u00e4chlich mit &#8222;Canon&#8220; \u00fcbersetzt wird. Dieses Unternehmen geh\u00f6rt inzwischen zum Auftragshersteller Pegatron, der unter anderem auch iPhones produziert.<\/p>\n<p>Die Auslagerung der Produktion ist in der Konsumg\u00fcter-Branche l\u00e4ngst Alltag, selbst bei Premiummarken. F\u00fcr Fujifilm bringt es zwei entscheidende Vorteile: Kosteneinsparung und flexible Anpassung der Produktionskapazit\u00e4ten. Anders als bei der X100VI, bei der Kunden monatelange Wartezeiten in Kauf nehmen m\u00fcssen, k\u00f6nnte die X-Half dank der ausgelagerten Fertigung schneller verf\u00fcgbar sein.<\/p>\n<p>F\u00fcr uns Fotografen bleibt entscheidend: Solange die Qualit\u00e4t stimmt, spielt es keine Rolle, wer das Geh\u00e4use zusammenschraubt. Die Kamera selbst wurde ja von Fujifilm entwickelt \u2013 und das ist es, was z\u00e4hlt.<\/p>\n<p>Yashica FX-D: Der Film-Hebel kehrt zur\u00fcck (ohne Film)<\/p>\n<p>W\u00e4hrend Fujifilm mit der X-Half bereits f\u00fcr Aufsehen sorgte, setzt auch die wiederbelebte Marke Yashica auf Retro-Charme. Die neue Yashica FX-D ist eine rein digitale Kamera, die dennoch mit einem &#8222;Film-Advance-Lever&#8220; \u2013 also einem Filmtransporthebel \u2013 ausgestattet ist. \u00c4hnlich wie bei Fujis X-Half soll dieser mechanische Hebel Fotografen dazu bringen, bewusster zu fotografieren und jeden Schuss zu \u00fcberlegen.<\/p>\n<p>Die FX-D, die auf der historischen FX-3 35mm SLR basiert, kommt in zwei Varianten: die FX-D 300 mit 50-Megapixel-Sensor und optischem Bildstabilisator sowie die FX-D 100 mit dem kleineren 13-Megapixel-Sensor Sony IMX458. Beide Modelle bieten sechs Film-Simulationen mit klangvollen Namen wie &#8222;Ruby 60s&#8220; oder &#8222;Golden 80s&#8220;.<\/p>\n<p>Wie so oft bei Yashica-Neuauflagen <a href=\"https:\/\/www.yashica.com\/fx-d-series\" rel=\"external noopener\" target=\"_blank\">erfolgt der Verkauf \u00fcber Kickstarter<\/a>. Mit einem Preis von 339 Dollar f\u00fcr die FX-D 300 und 239 Dollar f\u00fcr die FX-D 100 sind die Kameras \u00fcberraschend g\u00fcnstig. Ob sie halten, was sie versprechen, wird sich zeigen m\u00fcssen \u2013 die Auslieferung ist f\u00fcr August geplant.<\/p>\n<p>      Empfohlener redaktioneller Inhalt<\/p>\n<p class=\"opt-in__description\">\n    Mit Ihrer Zustimmung wird hier ein externes YouTube-Video (Google Ireland Limited) geladen.\n  <\/p>\n<p>            YouTube-Video immer laden<\/p>\n<p>        YouTube-Video jetzt laden\n      <\/p>\n<p>        c&#8217;t Fotografie Zoom In abonnierenc&#8217;t Fotografie Zoom In abonnieren<\/p>\n<p class=\"text-base\">Ihr Newsletter mit exklusiven Foto-Tipps, spannenden News, Profi-Einblicken und Inspirationen \u2013 jeden Samstag neu.<\/p>\n<p>E-Mail-Adresse<\/p>\n<p id=\"input-email-help\" class=\"text-sm leading-5 text-gray-400 mb-0\">Ausf\u00fchrliche Informationen zum Versandverfahren und zu Ihren Widerrufsm\u00f6glichkeiten erhalten Sie in unserer <a href=\"https:\/\/www.heise.de\/Datenschutzerklaerung-der-Heise-Medien-GmbH-Co-KG-4860.html#datenschutz-newsletter\" data-google-interstitial=\"false\" class=\"underline\" target=\"_blank\" rel=\"noopener\">Datenschutzerkl\u00e4rung<\/a>.<\/p>\n<p>David Lynchs Kamerasammlung unterm Hammer<\/p>\n<p>F\u00fcr Sammler und Fans des k\u00fcrzlich verstorbenen Regisseurs David Lynch gibt es eine seltene Gelegenheit: <a href=\"https:\/\/www.juliensauctions.com\/en\/auctions\/julien-s-auctions-turner-classic-movies-present-the-david-lynch-collection\" rel=\"external noopener\" target=\"_blank\">Seine pers\u00f6nliche Sammlung wird versteigert<\/a>. Vom 16mm Canon Scoopic (aktuell bei 3.500 Dollar) \u00fcber eine Sony a7R\/a7S-Kombination (2.500 Dollar) bis zu einer Hasselblad H3D-39 (1.250 Dollar) \u2013 Lynch besa\u00df eine beeindruckende und eklektische Sammlung.<\/p>\n<p>Besonders kurios: Eine mit Schlangenleder \u00fcberzogene Montanus Montana Kamera aus den 1950er Jahren, f\u00fcr die bereits 2.250 Dollar geboten wurden. Die Versteigerung findet am 18. Juni in Los Angeles statt, Online-Gebote sind bereits m\u00f6glich.<\/p>\n<p>Abschied von Sebasti\u00e3o Salgado<\/p>\n<p>Die Fotowelt trauert um einen ihrer gr\u00f6\u00dften Meister: <a href=\"https:\/\/www.heise.de\/news\/Sebastiao-Salgado-Fotografische-Ikone-im-Alter-von-81-Jahren-verstorben-10410504.html\" target=\"_blank\" rel=\"noopener\">Sebasti\u00e3o Salgado ist am 23. Mai im Alter von 81 Jahren in Paris verstorben<\/a>. Der brasilianische Fotograf, der urspr\u00fcnglich \u00d6konom war, hinterl\u00e4sst ein monumentales Werk, das die Menschheit in all ihren Facetten dokumentiert.<\/p>\n<p>Seine ikonischen Schwarz-Wei\u00df-Aufnahmen von Arbeitern, Migranten und der unber\u00fchrten Natur (&#8222;Genesis&#8220;) haben die Fotografie nachhaltig gepr\u00e4gt. Neben seiner k\u00fcnstlerischen Arbeit engagierte sich Salgado gemeinsam mit seiner Frau L\u00e9lia f\u00fcr den Umweltschutz und pflanzte auf dem verw\u00fcsteten Landgut seiner Familie \u00fcber drei Millionen B\u00e4ume.<\/p>\n<p>Mit Salgado verliert die Fotografie nicht nur einen ihrer gr\u00f6\u00dften K\u00fcnstler, sondern auch einen leidenschaftlichen Humanisten, dessen Bilder uns die Sch\u00f6nheit und die Wunden unserer Welt vor Augen f\u00fchren. Sein Verm\u00e4chtnis wird Generationen von Fotografen inspirieren.<\/p>\n<p>Fotografische Zeitreisen und Ausblick<\/p>\n<p>Diese Woche zeigt einmal mehr, wie die Fotografie zwischen Nostalgie und Innovation pendelt. W\u00e4hrend neue Kameras wie die X-Half und die Yashica FX-D die \u00c4sthetik und Haptik analoger Fotografie in die digitale Welt \u00fcbertragen, erinnert uns der Verlust von Sebasti\u00e3o Salgado daran, dass es letztlich nicht auf die Technik ankommt, sondern auf den Blick des Fotografen.<\/p>\n<p>Die Auslagerung der Produktion bei Fujifilm mag manche \u00fcberraschen, ist aber ein Zeichen daf\u00fcr, wie global die Fotoindustrie heute aufgestellt ist. Hauptsache, die Kameras kommen in die H\u00e4nde von Fotografen \u2013 und die machen dann hoffentlich Bilder, die uns ber\u00fchren und bewegen, ganz im Sinne von Sebasti\u00e3o Salgado.<\/p>\n<p>Ob mit Film-Hebel oder ohne, mit eigenem oder fremdem Produktionsstandort \u2013 am Ende z\u00e4hlt nur das Bild.<\/p>\n<p>(<a class=\"redakteurskuerzel__link\" href=\"https:\/\/www.heise.de\/news\/mailto:tho@heise.de\" title=\"Thomas Hoffmann\" target=\"_blank\" rel=\"noopener\">tho<\/a>)<\/p>\n<p>\n      Dieser Link ist leider nicht mehr g\u00fcltig.\n    <\/p>\n<p>Links zu verschenkten Artikeln werden ung\u00fcltig,<br \/>\n      wenn diese \u00e4lter als 7\u00a0Tage sind oder zu oft aufgerufen wurden.\n    <\/p>\n<p><strong>Sie ben\u00f6tigen ein heise+ Paket, um diesen Artikel zu lesen. Jetzt eine Woche unverbindlich testen \u2013 ohne Verpflichtung!<\/strong><\/p>\n","protected":false},"excerpt":{"rendered":"Retro-Fieber und Fernproduktion \u2013 die Fotonews der Woche 22\/2025 Die Fotografie erlebt derzeit eine Renaissance des Analogen im&hellip;\n","protected":false},"author":2,"featured_media":153682,"comment_status":"","ping_status":"","sticky":false,"template":"","format":"standard","meta":{"footnotes":""},"categories":[1775],"tags":[1793,54374,29,214,1885,48606,30,1794,54375,215,54376],"class_list":{"0":"post-153681","1":"post","2":"type-post","3":"status-publish","4":"format-standard","5":"has-post-thumbnail","7":"category-kunst-und-design","8":"tag-art-and-design","9":"tag-canon","10":"tag-deutschland","11":"tag-entertainment","12":"tag-fotografie","13":"tag-fujifilm","14":"tag-germany","15":"tag-kunst-und-design","16":"tag-sebastiao-salgado","17":"tag-unterhaltung","18":"tag-yashica"},"share_on_mastodon":{"url":"https:\/\/pubeurope.com\/@de\/114601497937693030","error":""},"_links":{"self":[{"href":"https:\/\/www.europesays.com\/de\/wp-json\/wp\/v2\/posts\/153681","targetHints":{"allow":["GET"]}}],"collection":[{"href":"https:\/\/www.europesays.com\/de\/wp-json\/wp\/v2\/posts"}],"about":[{"href":"https:\/\/www.europesays.com\/de\/wp-json\/wp\/v2\/types\/post"}],"author":[{"embeddable":true,"href":"https:\/\/www.europesays.com\/de\/wp-json\/wp\/v2\/users\/2"}],"replies":[{"embeddable":true,"href":"https:\/\/www.europesays.com\/de\/wp-json\/wp\/v2\/comments?post=153681"}],"version-history":[{"count":0,"href":"https:\/\/www.europesays.com\/de\/wp-json\/wp\/v2\/posts\/153681\/revisions"}],"wp:featuredmedia":[{"embeddable":true,"href":"https:\/\/www.europesays.com\/de\/wp-json\/wp\/v2\/media\/153682"}],"wp:attachment":[{"href":"https:\/\/www.europesays.com\/de\/wp-json\/wp\/v2\/media?parent=153681"}],"wp:term":[{"taxonomy":"category","embeddable":true,"href":"https:\/\/www.europesays.com\/de\/wp-json\/wp\/v2\/categories?post=153681"},{"taxonomy":"post_tag","embeddable":true,"href":"https:\/\/www.europesays.com\/de\/wp-json\/wp\/v2\/tags?post=153681"}],"curies":[{"name":"wp","href":"https:\/\/api.w.org\/{rel}","templated":true}]}}