{"id":153713,"date":"2025-05-31T08:42:11","date_gmt":"2025-05-31T08:42:11","guid":{"rendered":"https:\/\/www.europesays.com\/de\/153713\/"},"modified":"2025-05-31T08:42:11","modified_gmt":"2025-05-31T08:42:11","slug":"festival-der-brickfilmer-in-chemnitz","status":"publish","type":"post","link":"https:\/\/www.europesays.com\/de\/153713\/","title":{"rendered":"Festival der Brickfilmer in Chemnitz"},"content":{"rendered":"<p class=\"bold\">\n\t\t\t\t\t\t\t\t\t\t16 exklusive Filme zum Thema \u201eUnsichtbarkeit\u201c erwarten Besucher beim \u00e4ltesten deutschen Brickfilm-Festival. Warum die Produktionen kein reiner \u201eKinderkram\u201c sind.\t\t\t\t<\/p>\n<p>\t\t\t\t F\u00fcr eine Filmsekunde braucht es etwa 12 Einzelbilder \u2013 das sind rund 720 Bilder pro Minute. Und um die Illusion von Bewegung zu schaffen, werden die aus Klemmbausteinen bestehenden Figuren zwischen den Einzelbildern immer nur wenige Millimeter bewegt \u2013 w\u00e4hrend andere Teile der Filmkulisse m\u00f6glichst gar nicht ber\u00fchrt werden d\u00fcrfen. Das hat&#8230;<\/p>\n<p>\t\t<img decoding=\"async\" class=\"fp-plus-logo\" src=\"https:\/\/www.europesays.com\/de\/wp-content\/uploads\/2025\/04\/fpplus.svg.svg+xml\" alt=\"Freie Presse plus Logo\"\/><\/p>\n<p>Registrieren und testen.<\/p>\n<p>Jetzt mit Ihrer Registrierung 1 Monat gratis testen und alle Beitr\u00e4ge lesen.<\/p>\n<p>Schon Abonnent? Melden Sie sich mit ihren Zugangsdaten an.<\/p>\n","protected":false},"excerpt":{"rendered":"16 exklusive Filme zum Thema \u201eUnsichtbarkeit\u201c erwarten Besucher beim \u00e4ltesten deutschen Brickfilm-Festival. Warum die Produktionen kein reiner \u201eKinderkram\u201c&hellip;\n","protected":false},"author":2,"featured_media":153714,"comment_status":"","ping_status":"","sticky":false,"template":"","format":"standard","meta":{"footnotes":""},"categories":[1851],"tags":[2770,3364,29,548,663,3934,30,13,14,15,859,12,3866],"class_list":{"0":"post-153713","1":"post","2":"type-post","3":"status-publish","4":"format-standard","5":"has-post-thumbnail","7":"category-chemnitz","8":"tag-chemnitz","9":"tag-de","10":"tag-deutschland","11":"tag-eu","12":"tag-europa","13":"tag-europe","14":"tag-germany","15":"tag-headlines","16":"tag-nachrichten","17":"tag-news","18":"tag-sachsen","19":"tag-schlagzeilen","20":"tag-veranstaltungen"},"share_on_mastodon":{"url":"https:\/\/pubeurope.com\/@de\/114601560911764441","error":""},"_links":{"self":[{"href":"https:\/\/www.europesays.com\/de\/wp-json\/wp\/v2\/posts\/153713","targetHints":{"allow":["GET"]}}],"collection":[{"href":"https:\/\/www.europesays.com\/de\/wp-json\/wp\/v2\/posts"}],"about":[{"href":"https:\/\/www.europesays.com\/de\/wp-json\/wp\/v2\/types\/post"}],"author":[{"embeddable":true,"href":"https:\/\/www.europesays.com\/de\/wp-json\/wp\/v2\/users\/2"}],"replies":[{"embeddable":true,"href":"https:\/\/www.europesays.com\/de\/wp-json\/wp\/v2\/comments?post=153713"}],"version-history":[{"count":0,"href":"https:\/\/www.europesays.com\/de\/wp-json\/wp\/v2\/posts\/153713\/revisions"}],"wp:featuredmedia":[{"embeddable":true,"href":"https:\/\/www.europesays.com\/de\/wp-json\/wp\/v2\/media\/153714"}],"wp:attachment":[{"href":"https:\/\/www.europesays.com\/de\/wp-json\/wp\/v2\/media?parent=153713"}],"wp:term":[{"taxonomy":"category","embeddable":true,"href":"https:\/\/www.europesays.com\/de\/wp-json\/wp\/v2\/categories?post=153713"},{"taxonomy":"post_tag","embeddable":true,"href":"https:\/\/www.europesays.com\/de\/wp-json\/wp\/v2\/tags?post=153713"}],"curies":[{"name":"wp","href":"https:\/\/api.w.org\/{rel}","templated":true}]}}