{"id":153727,"date":"2025-05-31T08:51:11","date_gmt":"2025-05-31T08:51:11","guid":{"rendered":"https:\/\/www.europesays.com\/de\/153727\/"},"modified":"2025-05-31T08:51:11","modified_gmt":"2025-05-31T08:51:11","slug":"havixbeck-blasmusikanten-bei-europameisterschaft-radio-kiepenkerl","status":"publish","type":"post","link":"https:\/\/www.europesays.com\/de\/153727\/","title":{"rendered":"HAVIXBECK: Blasmusikanten bei Europameisterschaft &#8211; Radio Kiepenkerl"},"content":{"rendered":"<p class=\"small date article__date\">Ver\u00f6ffentlicht:\u00a0Samstag, 31.05.2025 10:32<\/p>\n<p>150 Musikerinnen und Musiker aus Havixbeck sind an diesem Wochenende beim Deutschen Musikfest in Ulm. <\/p>\n<p><img decoding=\"async\" alt=\"\" src=\"https:\/\/www.europesays.com\/de\/wp-content\/uploads\/2025\/05\/saxophone-918904_1920.jpg&#038;crop=0x0x1920x1200&#038;resize=1280x800&#038;dt=202005051033120.jpeg\" data-size=\"1280x800\"\/><\/p>\n<p>Dort finden noch bis morgen mehrere Wettbewerbe statt, unter anderem die Europameisterschaft f\u00fcr b\u00f6hmisch-m\u00e4hrische Blasmusik. Die Gruppe aus Havixbeck hat ihren Auftritt schon gehabt, sagt der Vorsitzende der Baumberger Musikanten, Guido Henrichmann. &#8222;Wir haben erlebt, was man selten erlebt. Musikalisch perfekt f\u00fcr unsere Verh\u00e4ltnisse.&#8220; Ein Ergebnis erwarten die Musikerinnen und Musiker am Samstagabend.<\/p>\n<p>Mehrere weitere Gruppen aus Havixbeck stehen heute noch abseits der Europameisterschaft auf der B\u00fchne. Das Deutsche Musikfest endet morgen.<\/p>\n","protected":false},"excerpt":{"rendered":"Ver\u00f6ffentlicht:\u00a0Samstag, 31.05.2025 10:32 150 Musikerinnen und Musiker aus Havixbeck sind an diesem Wochenende beim Deutschen Musikfest in Ulm.&hellip;\n","protected":false},"author":2,"featured_media":153728,"comment_status":"","ping_status":"","sticky":false,"template":"","format":"standard","meta":{"footnotes":""},"categories":[1843],"tags":[52395,3364,29,30,8970,1209],"class_list":{"0":"post-153727","1":"post","2":"type-post","3":"status-publish","4":"format-standard","5":"has-post-thumbnail","7":"category-muenster","8":"tag-havixbeck","9":"tag-de","10":"tag-deutschland","11":"tag-germany","12":"tag-muenster","13":"tag-nordrhein-westfalen"},"share_on_mastodon":{"url":"https:\/\/pubeurope.com\/@de\/114601596308999287","error":""},"_links":{"self":[{"href":"https:\/\/www.europesays.com\/de\/wp-json\/wp\/v2\/posts\/153727","targetHints":{"allow":["GET"]}}],"collection":[{"href":"https:\/\/www.europesays.com\/de\/wp-json\/wp\/v2\/posts"}],"about":[{"href":"https:\/\/www.europesays.com\/de\/wp-json\/wp\/v2\/types\/post"}],"author":[{"embeddable":true,"href":"https:\/\/www.europesays.com\/de\/wp-json\/wp\/v2\/users\/2"}],"replies":[{"embeddable":true,"href":"https:\/\/www.europesays.com\/de\/wp-json\/wp\/v2\/comments?post=153727"}],"version-history":[{"count":0,"href":"https:\/\/www.europesays.com\/de\/wp-json\/wp\/v2\/posts\/153727\/revisions"}],"wp:featuredmedia":[{"embeddable":true,"href":"https:\/\/www.europesays.com\/de\/wp-json\/wp\/v2\/media\/153728"}],"wp:attachment":[{"href":"https:\/\/www.europesays.com\/de\/wp-json\/wp\/v2\/media?parent=153727"}],"wp:term":[{"taxonomy":"category","embeddable":true,"href":"https:\/\/www.europesays.com\/de\/wp-json\/wp\/v2\/categories?post=153727"},{"taxonomy":"post_tag","embeddable":true,"href":"https:\/\/www.europesays.com\/de\/wp-json\/wp\/v2\/tags?post=153727"}],"curies":[{"name":"wp","href":"https:\/\/api.w.org\/{rel}","templated":true}]}}