{"id":153731,"date":"2025-05-31T08:53:18","date_gmt":"2025-05-31T08:53:18","guid":{"rendered":"https:\/\/www.europesays.com\/de\/153731\/"},"modified":"2025-05-31T08:53:18","modified_gmt":"2025-05-31T08:53:18","slug":"wie-politisches-taktieren-in-halle-ein-wichtiges-amt-beschaedigt-haller-kreisblatt","status":"publish","type":"post","link":"https:\/\/www.europesays.com\/de\/153731\/","title":{"rendered":"Wie politisches Taktieren in Halle ein wichtiges Amt besch\u00e4digt | Haller Kreisblatt"},"content":{"rendered":"<p id=\"absatz1\" class=\"em_text\">Der Kampf um die Deutungshoheit zu dieser politischen Posse wurde per E-Mail ausgetragen. Dabei kamen die \u201eVerlassenen\u201c einem ihrer bisherigen Aush\u00e4ngeschilder um 23 Minuten zuvor. Zuerst verk\u00fcndeten die Haller Gr\u00fcnen den sofortigen Austritt ihres bisherigen Ratsmitgliedes und stellvertretenden B\u00fcrgermeisters Hasan Akpinar. Dann erkl\u00e4rte der bekannte Kommunalpolitiker sich selbst &#8211; und erstaunlicherweise waren anschlie\u00dfend fast noch mehr Fragen offen.<\/p>\n<p id=\"absatz2\" class=\"em_text\">Im Statement der Gr\u00fcnen troff die Entt\u00e4uschung quasi aus jeder Zeile. Unverst\u00e4ndnis \u00fcber den Abschied eines Mannes, der seit 17 Jahren Parteimitglied und seit knapp f\u00fcnf Jahren Zweiter stellvertretender B\u00fcrgermeister war. Und auch, wenn sich Sprecherin Veronika Karpf um freundliche Worte zum Abschied bem\u00fchte und diese aufrichtig formulierte &#8211; eine Passage <a href=\"https:\/\/www.haller-kreisblatt.de\/lokal\/halle\/24108562_Bekannter-Haller-tritt-ploetzlich-aus-Partei-aus-und-hat-neue-Plaene.html\" rel=\"nofollow noopener\" target=\"_blank\">ihrer Mail<\/a> lie\u00df aufhorchen: Darin brachte sie den Austritt Akpinars direkt mit Druck aus seiner alevitischen Religionsgemeinschaft in Verbindung, die sich mit gr\u00fcnen Positionen offenbar nicht identifizieren k\u00f6nne.<\/p>\n<p id=\"absatz4\" class=\"em_text\">Das war sicherlich kein politisches Florett, sondern eher der S\u00e4bel. Und es ist zumindest diskutabel, ob man solche Andeutungen in einem \u00f6ffentlichen Statement unterbringen sollte. So richtig wohl f\u00fchlten sich die Gr\u00fcnen damit anschlie\u00dfend auch nicht mehr. Akpinar zeigte sich in seiner Reaktion auf diese Begr\u00fcndung seiner Ex-Partei denn auch ver\u00e4rgert und dementierte.<\/p>\n<p>Haller Ratsherr kann keine schl\u00fcssigen Gr\u00fcnde f\u00fcr R\u00fccktritt liefern<\/p>\n<p class=\"em_text\">Allerdings konnte er selbst auch keine andere schl\u00fcssige Begr\u00fcndung f\u00fcr seinen Abschied liefern. Er habe sich mit der Bundes- und Landespolitik der Gr\u00fcnen nicht mehr identifizieren k\u00f6nnen, argumentierte der 62-J\u00e4hrige. Und verwies dann auf die Kehrtwende der Gr\u00fcnen in der R\u00fcstungspolitik. Ein so klares Ja zu Waffenlieferungen k\u00f6nne er nicht mehr mittragen.<\/p>\n<p id=\"absatz6\" class=\"em_text\">Interessant ist vor diesem Hintergrund allerdings, dass sich Akpinar nun offenbar der CDU zuwenden will. Mit der er schon l\u00e4nger in intensivem Kontakt steht. Zumal er sich mit B\u00fcrgermeister Thomas Tappe und dessen erstem Stellvertreter Axel Reimers (beide CDU) regelm\u00e4\u00dfig zu repr\u00e4sentativen Terminen absprechen muss. Pers\u00f6nlich und menschlich liegt der Wechsel zu den Christdemokraten also wom\u00f6glich nahe &#8211; inhaltlich widerspricht er allerdings v\u00f6llig seiner Begr\u00fcndung zum Abschied von den Gr\u00fcnen.<\/p>\n<p id=\"absatz7\"><b class=\"bold\">Politische R\u00fccktritte: <\/b><a href=\"https:\/\/www.haller-kreisblatt.de\/lokal\/steinhagen\/24107681_Paukenschlag-bei-AfD-Steinhagener-erklaert-ueberraschend-seinen-Ruecktritt.html\" rel=\"nofollow noopener\" target=\"_blank\">Steinhagener AfD-Politiker zieht Konsequenzen<\/a><\/p>\n<p id=\"absatz8\" class=\"em_text\">Denn die CDU hat sich bundes- und landespolitisch immer als klare Bef\u00fcrworterin von Waffenlieferungen an die Ukraine positioniert. CDU-Bundeskanzler Friedrich Merz hat j\u00fcngst gar angek\u00fcndigt, die gr\u00f6\u00dfte konventionelle Armee Europas aufzubauen. Hier d\u00fcrfte sich Hasan Akpinar gem\u00e4\u00df seiner zum Austritt bei den Gr\u00fcnen proklamierten Haltung also gar nicht wohlf\u00fchlen. Sein Statement wirkt letztlich vorgeschoben.<\/p>\n<p>Halles stellvertretender B\u00fcrgermeister vermisste Wertsch\u00e4tzung<\/p>\n<p><a class=\"article-detail-image use-fancybox\" href=\"https:\/\/www.haller-kreisblatt.de\/_em_daten\/_cache\/image\/1xNWVwekhObXFQM25UTytDMDlGd0luMVY5MnIvUzlybThWdmJ5TUNnSFRTN0s1aHRHNXRCcm10ZXhma09NM2tid0ZqeFgyNEZEMGIvdWJvSXRUYTR0ZFVQUkw3KytudWFkVDlRc2pNWG12Rjg9\/250530-1641-604845824.jpg\" rel=\"article-detail-image-overlay nofollow noopener\" title=\"Hasan Akpinar war und ist in Halle vielf\u00e4ltig engagiert - hier bei der Verabschiedung in die Ehrenabteilung der Haller Feuerwehr. - \u00a9 Birgit Nolte\" target=\"_blank\"><\/p>\n<p><img decoding=\"async\" itemprop=\"image\" class=\"media-object img-responsive\" width=\"500\" src=\"https:\/\/www.europesays.com\/de\/wp-content\/uploads\/2025\/05\/250530-1641-604845824.jpg\" alt=\"Hasan Akpinar war und ist in Halle vielf\u00e4ltig engagiert - hier bei der Verabschiedung in die Ehrenabteilung der Haller Feuerwehr. - \u00a9 Birgit Nolte\"\/><br \/>\n<\/a><\/p>\n<p>Hasan Akpinar war und ist in Halle vielf\u00e4ltig engagiert &#8211; hier bei der Verabschiedung in die Ehrenabteilung der Haller Feuerwehr.<br \/>\n(\u00a9 Birgit Nolte)<\/p>\n<p id=\"absatz10\" class=\"em_text\">Und r\u00fcckt die Andeutung der Gr\u00fcnen zur Religionsgemeinschaft wieder in ein anderes Licht. Offenbar sah sich die Partei gen\u00f6tigt, eine Begr\u00fcndung f\u00fcr den Austritt \u00f6ffentlich zu machen, die erkl\u00e4rt, warum Akpinar seinen Abschied verk\u00fcndet, obwohl er doch nichts gegen den Stadtverband hat.<\/p>\n<p id=\"absatz11\" class=\"em_text\">Zwischen den Zeilen schimmert beim zweiten stellvertretenden B\u00fcrgermeister dann auch ein wenig verletzte Eitelkeit durch: Er habe zuletzt die R\u00fcckendeckung vermisst und in all den Jahren \u201enie eine Ehrung\u201c erhalten, berichtete er HK-Redakteur Uwe Pollmeier.<\/p>\n<p id=\"absatz12\"><b class=\"bold\">Wahlkampf in Halle: <\/b><a href=\"https:\/\/www.haller-kreisblatt.de\/lokal\/halle\/24109529_Haller-SPD-geht-in-die-Offensive-und-kritisiert-Buergermeister-Tappe.html\" rel=\"nofollow noopener\" target=\"_blank\">SPD geht in die Offensive und kritisiert B\u00fcrgermeister Tappe<\/a><\/p>\n<p id=\"absatz13\" class=\"em_text\">Nun k\u00f6nnte man entgegnen, dass es eine gro\u00dfe Ehre ist, jemanden als stellvertretenden B\u00fcrgermeister zu nominieren. Diesem Amt ist durch die aktuelle politische Posse jedenfalls Schaden zugef\u00fcgt worden. Von einem Repr\u00e4sentanten der Stadt wird immer auch eine gewisse \u00dcberparteilichkeit erwartet. Jetzt steht Hasan Akpinar im Zentrum eines politischen Pokers &#8211; und als Au\u00dfenstehender bekommt man das Gef\u00fchl, dass er sich mit Blick auf die kommende Kommunalwahl pers\u00f6nlich in die bestm\u00f6gliche Position bringen will. Solche Man\u00f6ver sind nicht neu &#8211; erh\u00f6hen aber nicht gerade die so dringend ben\u00f6tigte Begeisterung f\u00fcr Kommunalpolitik.<\/p>\n<p id=\"absatz14\"><b class=\"bold\">Aktuelle News bekommen Sie t\u00e4glich \u00fcber den<\/b> <a data-auth=\"NotApplicable\" data-linkindex=\"0\" href=\"https:\/\/whatsapp.com\/channel\/0029VagU0FW1SWsxhmHz2v0q\" rel=\"noreferrer noopener nofollow\" target=\"_blank\" title=\"https:\/\/whatsapp.com\/channel\/0029VagU0FW1SWsxhmHz2v0q\">WhatsApp-Kanal des HK<\/a> <\/p>\n","protected":false},"excerpt":{"rendered":"Der Kampf um die Deutungshoheit zu dieser politischen Posse wurde per E-Mail ausgetragen. Dabei kamen die \u201eVerlassenen\u201c einem&hellip;\n","protected":false},"author":2,"featured_media":153732,"comment_status":"","ping_status":"","sticky":false,"template":"","format":"standard","meta":{"footnotes":""},"categories":[1841],"tags":[36413,1605,31,3364,29,30,54390,9307,732,4280,16402,16383,16403,19081,22596,16405,1209,45041,54389,22870],"class_list":{"0":"post-153731","1":"post","2":"type-post","3":"status-publish","4":"format-standard","5":"has-post-thumbnail","7":"category-bielefeld","8":"tag-austritt","9":"tag-bielefeld","10":"tag-cdu","11":"tag-de","12":"tag-deutschland","13":"tag-germany","14":"tag-hasan-akpinar","15":"tag-label_foto","16":"tag-label_frei","17":"tag-label_l-120","18":"tag-label_ordne-fr-mich-ein","19":"tag-label_print-platziert","20":"tag-meta_artikelklasse_kommentar","21":"tag-meta_copyrights_hk","22":"tag-meta_themen_politik","23":"tag-meta_userneeds_ordneein","24":"tag-nordrhein-westfalen","25":"tag-thomas-tappe","26":"tag-veronika-karpf","27":"tag-wochenkommentar"},"share_on_mastodon":{"url":"https:\/\/pubeurope.com\/@de\/114601604215317487","error":""},"_links":{"self":[{"href":"https:\/\/www.europesays.com\/de\/wp-json\/wp\/v2\/posts\/153731","targetHints":{"allow":["GET"]}}],"collection":[{"href":"https:\/\/www.europesays.com\/de\/wp-json\/wp\/v2\/posts"}],"about":[{"href":"https:\/\/www.europesays.com\/de\/wp-json\/wp\/v2\/types\/post"}],"author":[{"embeddable":true,"href":"https:\/\/www.europesays.com\/de\/wp-json\/wp\/v2\/users\/2"}],"replies":[{"embeddable":true,"href":"https:\/\/www.europesays.com\/de\/wp-json\/wp\/v2\/comments?post=153731"}],"version-history":[{"count":0,"href":"https:\/\/www.europesays.com\/de\/wp-json\/wp\/v2\/posts\/153731\/revisions"}],"wp:featuredmedia":[{"embeddable":true,"href":"https:\/\/www.europesays.com\/de\/wp-json\/wp\/v2\/media\/153732"}],"wp:attachment":[{"href":"https:\/\/www.europesays.com\/de\/wp-json\/wp\/v2\/media?parent=153731"}],"wp:term":[{"taxonomy":"category","embeddable":true,"href":"https:\/\/www.europesays.com\/de\/wp-json\/wp\/v2\/categories?post=153731"},{"taxonomy":"post_tag","embeddable":true,"href":"https:\/\/www.europesays.com\/de\/wp-json\/wp\/v2\/tags?post=153731"}],"curies":[{"name":"wp","href":"https:\/\/api.w.org\/{rel}","templated":true}]}}