{"id":153795,"date":"2025-05-31T09:29:10","date_gmt":"2025-05-31T09:29:10","guid":{"rendered":"https:\/\/www.europesays.com\/de\/153795\/"},"modified":"2025-05-31T09:29:10","modified_gmt":"2025-05-31T09:29:10","slug":"konzert-in-stuttgart-steven-wilson-spielt-diese-band-etwas-das-kuerzer-ist-als-20-minuten-2","status":"publish","type":"post","link":"https:\/\/www.europesays.com\/de\/153795\/","title":{"rendered":"Konzert in Stuttgart: Steven Wilson: \u201eSpielt diese Band etwas, das k\u00fcrzer ist als 20 Minuten?\u201c"},"content":{"rendered":"<p>Es ist bereits 21 Uhr 36 als Steven Wilson endlich Zeit findet sein Publikum ausgiebig zu begr\u00fc\u00dfen. Das <a href=\"https:\/\/www.stuttgarter-zeitung.de\/thema\/Konzert\" title=\"Konzert\" class=\"art_thema\" rel=\"nofollow noopener\" target=\"_blank\">Konzert<\/a> seiner \u201eThe Overview\u201c-Tour befindet sich mittlerweile in der zweiten H\u00e4lfte. Es sei etwas sp\u00e4t daf\u00fcr, stellt er selbst fest und will wissen, wer aus Versehen in seinem Konzert gelandet ist. Diejenigen w\u00fcrden sich n\u00e4mlich wahrscheinlich fragen, ob diese Band auch St\u00fccke spielt, die weniger als 20 Minuten dauern. <\/p>\n","protected":false},"excerpt":{"rendered":"Es ist bereits 21 Uhr 36 als Steven Wilson endlich Zeit findet sein Publikum ausgiebig zu begr\u00fc\u00dfen. Das&hellip;\n","protected":false},"author":2,"featured_media":153796,"comment_status":"","ping_status":"","sticky":false,"template":"","format":"standard","meta":{"footnotes":""},"categories":[1830],"tags":[1634,3364,29,30,1310,80,54198,33914,6004,1441],"class_list":{"0":"post-153795","1":"post","2":"type-post","3":"status-publish","4":"format-standard","5":"has-post-thumbnail","7":"category-stuttgart","8":"tag-baden-wuerttemberg","9":"tag-de","10":"tag-deutschland","11":"tag-germany","12":"tag-konzert","13":"tag-kultur","14":"tag-overview","15":"tag-porsche-arena","16":"tag-steven-wilson","17":"tag-stuttgart"},"share_on_mastodon":{"url":"https:\/\/pubeurope.com\/@de\/114601745855274813","error":""},"_links":{"self":[{"href":"https:\/\/www.europesays.com\/de\/wp-json\/wp\/v2\/posts\/153795","targetHints":{"allow":["GET"]}}],"collection":[{"href":"https:\/\/www.europesays.com\/de\/wp-json\/wp\/v2\/posts"}],"about":[{"href":"https:\/\/www.europesays.com\/de\/wp-json\/wp\/v2\/types\/post"}],"author":[{"embeddable":true,"href":"https:\/\/www.europesays.com\/de\/wp-json\/wp\/v2\/users\/2"}],"replies":[{"embeddable":true,"href":"https:\/\/www.europesays.com\/de\/wp-json\/wp\/v2\/comments?post=153795"}],"version-history":[{"count":0,"href":"https:\/\/www.europesays.com\/de\/wp-json\/wp\/v2\/posts\/153795\/revisions"}],"wp:featuredmedia":[{"embeddable":true,"href":"https:\/\/www.europesays.com\/de\/wp-json\/wp\/v2\/media\/153796"}],"wp:attachment":[{"href":"https:\/\/www.europesays.com\/de\/wp-json\/wp\/v2\/media?parent=153795"}],"wp:term":[{"taxonomy":"category","embeddable":true,"href":"https:\/\/www.europesays.com\/de\/wp-json\/wp\/v2\/categories?post=153795"},{"taxonomy":"post_tag","embeddable":true,"href":"https:\/\/www.europesays.com\/de\/wp-json\/wp\/v2\/tags?post=153795"}],"curies":[{"name":"wp","href":"https:\/\/api.w.org\/{rel}","templated":true}]}}