{"id":153815,"date":"2025-05-31T09:40:08","date_gmt":"2025-05-31T09:40:08","guid":{"rendered":"https:\/\/www.europesays.com\/de\/153815\/"},"modified":"2025-05-31T09:40:08","modified_gmt":"2025-05-31T09:40:08","slug":"fuerth-hertha-im-transferduell","status":"publish","type":"post","link":"https:\/\/www.europesays.com\/de\/153815\/","title":{"rendered":"F\u00fcrth &#038; Hertha im Transferduell"},"content":{"rendered":"<p>Die <a href=\"https:\/\/www.fussballtransfers.com\/verein\/spvgg-greuther-fuerth\/\" rel=\"nofollow noopener\" target=\"_blank\">SpVgg Greuther F\u00fcrth<\/a> und <a href=\"https:\/\/www.fussballtransfers.com\/verein\/hertha-bsc\/\" rel=\"nofollow noopener\" target=\"_blank\">Hertha BSC<\/a> duellieren sich um denselben Spieler. Wie die \u201aBild\u2018 berichtet, handelt es sich dabei um <a href=\"https:\/\/www.fussballtransfers.com\/spieler\/aaron-keller\/\" rel=\"nofollow noopener\" target=\"_blank\">Aaron Keller<\/a>, der in der abgelaufenen Saison auf Leihbasis f\u00fcr den <a href=\"https:\/\/www.fussballtransfers.com\/verein\/ssv-ulm-1846\/\" rel=\"nofollow noopener\" target=\"_blank\">SSV Ulm<\/a> spielte und mit den Spatzen in die 3. Liga abstieg. Sein Stammverein, die <a href=\"https:\/\/www.fussballtransfers.com\/verein\/spvgg-unterhaching\/\" rel=\"nofollow noopener\" target=\"_blank\">SpVgg Unterhaching<\/a>, ist indes in die Regionalliga Bayern abgestiegen. <\/p>\n<p>            Unter der Anzeige geht&#8217;s weiter<\/p>\n<p>Der 21-j\u00e4hrige Schweizer wird unter anderem auch von den Grasshoppers Z\u00fcrich und den BSC Young Boys umworben, dem Boulevardblatt zufolge will aber vor allem F\u00fcrth den Rechtsfu\u00df \u201eunbedingt verpflichten\u201c. In der abgelaufenen Saison kam Keller in 27 Partien zum Einsatz und erzielte vier Treffer.<\/p>\n","protected":false},"excerpt":{"rendered":"Die SpVgg Greuther F\u00fcrth und Hertha BSC duellieren sich um denselben Spieler. Wie die \u201aBild\u2018 berichtet, handelt es&hellip;\n","protected":false},"author":2,"featured_media":153816,"comment_status":"","ping_status":"","sticky":false,"template":"","format":"standard","meta":{"footnotes":""},"categories":[1825],"tags":[1941,1939,296,1937,29,30,1940,1938],"class_list":{"0":"post-153815","1":"post","2":"type-post","3":"status-publish","4":"format-standard","5":"has-post-thumbnail","7":"category-berlin","8":"tag-aktuelle-nachrichten-aus-berlin","9":"tag-aktuelle-news-aus-berlin","10":"tag-berlin","11":"tag-berlin-news","12":"tag-deutschland","13":"tag-germany","14":"tag-nachrichten-aus-berlin","15":"tag-news-aus-berlin"},"share_on_mastodon":{"url":"https:\/\/pubeurope.com\/@de\/114601789032566209","error":""},"_links":{"self":[{"href":"https:\/\/www.europesays.com\/de\/wp-json\/wp\/v2\/posts\/153815","targetHints":{"allow":["GET"]}}],"collection":[{"href":"https:\/\/www.europesays.com\/de\/wp-json\/wp\/v2\/posts"}],"about":[{"href":"https:\/\/www.europesays.com\/de\/wp-json\/wp\/v2\/types\/post"}],"author":[{"embeddable":true,"href":"https:\/\/www.europesays.com\/de\/wp-json\/wp\/v2\/users\/2"}],"replies":[{"embeddable":true,"href":"https:\/\/www.europesays.com\/de\/wp-json\/wp\/v2\/comments?post=153815"}],"version-history":[{"count":0,"href":"https:\/\/www.europesays.com\/de\/wp-json\/wp\/v2\/posts\/153815\/revisions"}],"wp:featuredmedia":[{"embeddable":true,"href":"https:\/\/www.europesays.com\/de\/wp-json\/wp\/v2\/media\/153816"}],"wp:attachment":[{"href":"https:\/\/www.europesays.com\/de\/wp-json\/wp\/v2\/media?parent=153815"}],"wp:term":[{"taxonomy":"category","embeddable":true,"href":"https:\/\/www.europesays.com\/de\/wp-json\/wp\/v2\/categories?post=153815"},{"taxonomy":"post_tag","embeddable":true,"href":"https:\/\/www.europesays.com\/de\/wp-json\/wp\/v2\/tags?post=153815"}],"curies":[{"name":"wp","href":"https:\/\/api.w.org\/{rel}","templated":true}]}}