{"id":153821,"date":"2025-05-31T09:43:13","date_gmt":"2025-05-31T09:43:13","guid":{"rendered":"https:\/\/www.europesays.com\/de\/153821\/"},"modified":"2025-05-31T09:43:13","modified_gmt":"2025-05-31T09:43:13","slug":"barbara-malze-25-aus-berlin-vermisst","status":"publish","type":"post","link":"https:\/\/www.europesays.com\/de\/153821\/","title":{"rendered":"Barbara Malze (25) aus Berlin vermisst"},"content":{"rendered":"<p>Polizei Berlin bittet um MithilfeBarbara (25) nach Besuch im Einkaufszentrum verschwunden<img alt=\"Die Polizei bittet bei der Suche nach Barbara aus Berlin die Bev\u00f6lkerung um Mithilfe.\" loading=\"lazy\" width=\"940\" height=\"529\" decoding=\"async\" data-nimg=\"1\" class=\"Image_image__SdgLQ Picture_image__vGN9W\" style=\"color:transparent\"   src=\"https:\/\/www.europesays.com\/de\/wp-content\/uploads\/2025\/05\/die-polizei-bittet-bei-der-suche-nach-barbara-aus-berlin-die-bevolkerung-um-mithilfe.webp.webp\"\/><\/p>\n<p>Die Polizei bittet bei der Suche nach Barbara aus Berlin die Bev\u00f6lkerung um Mithilfe.<\/p>\n<p>Polizei Berlin<\/p>\n<p>31. Mai 2025 um 09:55 Uhr<\/p>\n<p class=\"Typography_text-default__wldUd Typography_align-left__koBUM AnnotatedMarkup_paragraph__IUT9l\"><strong>Was ist mit Barbara Malze (25) geschehen?<\/strong><br \/>Seit Dienstagabend fehlt von der jungen Frau aus Berlin jede Spur. Die Polizei geht davon aus, dass sie sich in einer psychischen Ausnahmesituation befindet und dringend Hilfe braucht.<\/p>\n<p>Spurlos verschwunden nach Besuch in Berliner Einkaufszentrum<img alt=\"In dieser Kleidung war Barbara zuletzt unterwegs \u2013 die Polizei bittet um Hinweise.\" loading=\"lazy\" width=\"940\" height=\"529\" decoding=\"async\" data-nimg=\"1\" class=\"Image_image__SdgLQ Picture_image__vGN9W\" style=\"color:transparent\"   src=\"https:\/\/www.europesays.com\/de\/wp-content\/uploads\/2025\/05\/in-dieser-kleidung-war-barbara-zuletzt-unterwegs-die-polizei-bittet-um-hinweise.webp.webp\"\/><\/p>\n<p>In dieser Kleidung war Barbara zuletzt unterwegs: Barbara trug eine rosafarbene Jacke, eine beigefarbene Hose und mehrere Taschen bei sich.<\/p>\n<p>Polizei Berlin<\/p>\n<p class=\"Typography_text-default__wldUd Typography_align-left__koBUM AnnotatedMarkup_paragraph__IUT9l\">Die 25-J\u00e4hrige war zuletzt am 27. Mai gegen 20 Uhr im Sch\u00f6nweide-Center in der Schnellerstra\u00dfe (Berlin-Treptow) gesehen worden. Danach verliert sich jede Spur.<\/p>\n<p class=\"Typography_text-default__wldUd Typography_align-left__koBUM AnnotatedMarkup_paragraph__IUT9l\">Die Berliner Polizei ver\u00f6ffentlichte am Freitag Bilder der Vermissten und bittet die Bev\u00f6lkerung nun um Unterst\u00fctzung. Barbara Malze ist 1,60 Meter gro\u00df, habe eine schlanke Figur und trage dunkelbraune, schulterlange, lockige Haare.<\/p>\n<p class=\"Typography_text-default__wldUd Typography_align-left__koBUM AnnotatedMarkup_paragraph__IUT9l\">Bekleidet war sie mit einer rosafarbenen Stoffjacke, einer beigefarbenen Stoffhose und sie hatte mehrere Taschen bei sich: einen grauen Rucksack, eine gr\u00f6\u00dfere schwarze Umh\u00e4ngetasche und vermutlich eine gro\u00dfe Papiert\u00fcte, gef\u00fcllt mit Kleidung.<\/p>\n<p class=\"Typography_text-default__wldUd Typography_align-left__koBUM AnnotatedMarkup_paragraph__IUT9l\"><strong>Lese-Tipp: <\/strong><a href=\"https:\/\/www.rtl.de\/news\/vermisster-aleph-christian-33-aus-berlin-seine-letzte-nachricht-handelte-von-heidi-klum-id4362026.html\" target=\"_self\" rel=\"noopener\">Aleph Christian von Fellenberg (33) vermisst \u2013 In seiner letzten Nachricht an seine Mutter ging es um Heidi Klum<\/a><\/p>\n<p>02:56 min<\/p>\n<p>Aleph Christian von Fellenberg vermisst<\/p>\n<p>Marisol sucht verzweifelt nach ihrem Sohn<\/p>\n<p>Polizei: Barbara braucht Hilfe<\/p>\n<p class=\"Typography_text-default__wldUd Typography_align-left__koBUM AnnotatedMarkup_paragraph__IUT9l\">Die Kriminalpolizei geht davon aus, dass sich Barbara in einer akuten psychischen Ausnahmesituation befindet. Deshalb ist es so wichtig, dass sie schnell gefunden wird. Jede Stunde z\u00e4hlt!<\/p>\n<p class=\"Typography_text-default__wldUd Typography_align-left__koBUM AnnotatedMarkup_paragraph__IUT9l\">Wer hat Barbara seit Dienstagabend gesehen? Wer kann Angaben zu ihrem Aufenthaltsort machen? Wer hat etwas Auff\u00e4lliges rund um das Einkaufszentrum in Sch\u00f6neweide beobachtet? Hinweise bitte an die Kriminalpolizei der Direktion 3 (Ost) (Telefon 030 4664-371100), direkt an jede andere Polizeidienststelle oder im Notfall 110. (kra)<\/p>\n","protected":false},"excerpt":{"rendered":"Polizei Berlin bittet um MithilfeBarbara (25) nach Besuch im Einkaufszentrum verschwunden Die Polizei bittet bei der Suche nach&hellip;\n","protected":false},"author":2,"featured_media":153822,"comment_status":"","ping_status":"","sticky":false,"template":"","format":"standard","meta":{"footnotes":""},"categories":[1825],"tags":[331,338,332,339,296,29,344,342,343,30,335,329,336,334,341,330,337,333,328,327,12,340],"class_list":{"0":"post-153821","1":"post","2":"type-post","3":"status-publish","4":"format-standard","5":"has-post-thumbnail","7":"category-berlin","8":"tag-aktuelle-nachrichten","9":"tag-aktuelle-nachrichten-auf-einen-blick","10":"tag-aktuelle-news","11":"tag-aktuelle-themen-in-der-welt","12":"tag-berlin","13":"tag-deutschland","14":"tag-ems_-news","15":"tag-ems_news_newsausland","16":"tag-ems_news_newsinland","17":"tag-germany","18":"tag-nachrichten-aus-aller-welt","19":"tag-nachrichten-deutschland","20":"tag-nachrichten-heute","21":"tag-nachrichten-international","22":"tag-nachrichten-usa","23":"tag-news-deutschland","24":"tag-news-heute","25":"tag-news-international","26":"tag-rtl-nachrichten","27":"tag-rtl-news","28":"tag-schlagzeilen","29":"tag-usa-news"},"share_on_mastodon":{"url":"https:\/\/pubeurope.com\/@de\/114601800710756848","error":""},"_links":{"self":[{"href":"https:\/\/www.europesays.com\/de\/wp-json\/wp\/v2\/posts\/153821","targetHints":{"allow":["GET"]}}],"collection":[{"href":"https:\/\/www.europesays.com\/de\/wp-json\/wp\/v2\/posts"}],"about":[{"href":"https:\/\/www.europesays.com\/de\/wp-json\/wp\/v2\/types\/post"}],"author":[{"embeddable":true,"href":"https:\/\/www.europesays.com\/de\/wp-json\/wp\/v2\/users\/2"}],"replies":[{"embeddable":true,"href":"https:\/\/www.europesays.com\/de\/wp-json\/wp\/v2\/comments?post=153821"}],"version-history":[{"count":0,"href":"https:\/\/www.europesays.com\/de\/wp-json\/wp\/v2\/posts\/153821\/revisions"}],"wp:featuredmedia":[{"embeddable":true,"href":"https:\/\/www.europesays.com\/de\/wp-json\/wp\/v2\/media\/153822"}],"wp:attachment":[{"href":"https:\/\/www.europesays.com\/de\/wp-json\/wp\/v2\/media?parent=153821"}],"wp:term":[{"taxonomy":"category","embeddable":true,"href":"https:\/\/www.europesays.com\/de\/wp-json\/wp\/v2\/categories?post=153821"},{"taxonomy":"post_tag","embeddable":true,"href":"https:\/\/www.europesays.com\/de\/wp-json\/wp\/v2\/tags?post=153821"}],"curies":[{"name":"wp","href":"https:\/\/api.w.org\/{rel}","templated":true}]}}