{"id":153839,"date":"2025-05-31T09:53:12","date_gmt":"2025-05-31T09:53:12","guid":{"rendered":"https:\/\/www.europesays.com\/de\/153839\/"},"modified":"2025-05-31T09:53:12","modified_gmt":"2025-05-31T09:53:12","slug":"darum-zeigt-der-sender-heute-abend-keinen-samstagskrimi","status":"publish","type":"post","link":"https:\/\/www.europesays.com\/de\/153839\/","title":{"rendered":"Darum zeigt der Sender heute Abend keinen Samstagskrimi"},"content":{"rendered":"<p>Was stattdessen im Zweiten l\u00e4uft <\/p>\n<p>Darum zeigt das ZDF heute Abend keinen Samstagskrimi<\/p>\n<p>31.05.2025 &#8211; 10:35 UhrLesedauer: 1 Min.<\/p>\n<p><a href=\"#focus-0\" class=\"transition-colors duration-200 focus-within:text-magenta block text-current relative\" data-sctrack=\"FocusGalleryImage.Reference\"><img fetchpriority=\"high\" data-testid=\"Opener.Image\" style=\"--lqipURL:url('https:\/\/images.t-online.de\/2023\/12\/SFOFjAo9kxeX\/0x108:2048x1152\/fit-in\/150x0\/filters:blur(25)\/ein-schild-kennzeichnet-einen-standort-von-ard-und-zdf-der-oeffentlich-rechtliche-rundfunk-steht-immer-wieder-in-der-kritik.jpg')\"   loading=\"eager\" src=\"https:\/\/www.europesays.com\/de\/wp-content\/uploads\/2025\/05\/ein-schild-kennzeichnet-einen-standort-von-ard-und-zdf-der-oeffentlich-rechtliche-rundfunk-steht-imm.jpeg\" alt=\"ZDF: Im Zweiten wird heute kein Spielfilm gesendet.\" title=\"ZDF: Im Zweiten wird heute kein Spielfilm gesendet.\" width=\"2048\" height=\"1152\" class=\"bg-[url:var(--lqipURL)] bg-cover bg-center flex w-full max-w-full h-full\" decoding=\"async\"\/><img style=\"--width:32;--height:32\" loading=\"lazy\" src=\"https:\/\/www.europesays.com\/de\/wp-content\/uploads\/2025\/05\/zoom-in.f7dae02f.svg.svg+xml\" alt=\"Vergr\u00f6\u00dfern des Bildes\" title=\"Vergr\u00f6\u00dfern des Bildes\" class=\"&#10;        block&#10;        h-[calc(var(--height)_\/_16_*_1rem)]&#10;        w-[calc(var(--width)_\/_16_*_1rem)]&#10;        max-w-none&#10;        absolute bottom-8 right-8 rounded-4 bg-snow p-8\" decoding=\"async\"\/><\/a><\/p>\n<p>ZDF: Im Zweiten wird heute kein Spielfilm gesendet. (Quelle: Oliver Berg\/dpa\/dpa)<\/p>\n<p class=\"font-bold text-18 leading-17\">Am Samstagabend zeigt das ZDF am liebsten einen Krimi. Diese Woche jedoch erwartet die Zuschauer im Zweiten eine andere Sendung.<\/p>\n<p class=\"text-18 leading-17\">Mit seinen Samstagkrimis erreicht das <a class=\"transition-colors duration-200 cursor-pointer text-inherit no-underline text-salemsfur md:hover:text-magenta md:hover:border-magenta md:focus:text-magenta border-current border-b border-solid break-words\" href=\"https:\/\/www.t-online.de\/themen\/zdf\/\" data-sctrack=\"BodyAnchor\" target=\"_blank\" rel=\"noopener\">ZDF<\/a> h\u00e4ufig nicht nur Millionen Zuschauer, sondern im Quotenvergleich auch den Tagessieg. Am 31. Mai kommen Fans spannungsgeladener Filme im Zweiten jedoch nicht auf ihre Kosten. Der Sender setzt auf ein anderes Programm.<\/p>\n<p class=\"text-18 leading-17\">Schon vergangene Woche lief abends im ZDF kein neuer Krimi. Stattdessen wurde das DFB-Pokal-Finale ab 19.25 Uhr ausgestrahlt. Im Anschluss lief dann die Dokumentation &#8222;Hummels \u2013 La Finale. Mit Tommi Schmitt&#8220; \u00fcber Ex-Nationalspieler <a class=\"transition-colors duration-200 cursor-pointer text-inherit no-underline text-salemsfur md:hover:text-magenta md:hover:border-magenta md:focus:text-magenta border-current border-b border-solid break-words\" href=\"https:\/\/www.t-online.de\/themen\/mats-hummels\/\" data-sctrack=\"BodyAnchor\" target=\"_blank\" rel=\"noopener\">Mats Hummels<\/a>.<\/p>\n<p class=\"text-18 leading-17\">Der Fu\u00dfball dominiert auch an diesem Samstag im Zweiten. Anstatt Filmreihen wie &#8222;Helen Dorn&#8220;, &#8222;M\u00fcnchen Mord&#8220;, &#8222;Wilsberg&#8220; oder auch &#8222;Conti&#8220; l\u00e4uft ab 20 Uhr das Champions-League-Finale. <a class=\"transition-colors duration-200 cursor-pointer text-inherit no-underline text-salemsfur md:hover:text-magenta md:hover:border-magenta md:focus:text-magenta border-current border-b border-solid break-words\" href=\"https:\/\/www.t-online.de\/themen\/paris\/\" data-sctrack=\"BodyAnchor\" target=\"_blank\" rel=\"noopener\">Paris<\/a> Saint-Germain trifft auf <a class=\"transition-colors duration-200 cursor-pointer text-inherit no-underline text-salemsfur md:hover:text-magenta md:hover:border-magenta md:focus:text-magenta border-current border-b border-solid break-words\" href=\"https:\/\/www.t-online.de\/themen\/inter-mailand\/\" data-sctrack=\"BodyAnchor\" target=\"_blank\" rel=\"noopener\">Inter Mailand<\/a>.<\/p>\n<p class=\"text-18 leading-17\">Wer keine Lust auf Fu\u00dfball hat und lieber einen Krimi schauen will, kann ins Erste schalten. Gleich nach der &#8222;Tagesschau&#8220; l\u00e4uft ab 20.15 Uhr &#8222;Steirerschuld&#8220; im Ersten. In einer Beschreibung des Spielfilms hei\u00dft es: &#8222;Die Studentin Lara Babic forscht im Kloster zu mittelalterlichen Schriften. Als ihre Leiche \u2013 ausgerechnet auf einem Stundenblatt zum Gebot &#8218;Du sollst nicht t\u00f6ten!&#8216; \u2013 gefunden wird, beginnen die Ermittlungen in einem mysteri\u00f6sen Mordfall.&#8220;<\/p>\n<p class=\"text-18 leading-17\">Ab der kommenden Woche wartet auf die Zuschauer dann auch im ZDF wieder ein Samstagskrimi. &#8222;Ein starkes Team \u2013 Sterben auf Probe&#8220; wird laut aktueller Programmvorschau am 7. Juni auf dem Mainzer Sender gezeigt.<\/p>\n","protected":false},"excerpt":{"rendered":"Was stattdessen im Zweiten l\u00e4uft Darum zeigt das ZDF heute Abend keinen Samstagskrimi 31.05.2025 &#8211; 10:35 UhrLesedauer: 1&hellip;\n","protected":false},"author":2,"featured_media":153840,"comment_status":"","ping_status":"","sticky":false,"template":"","format":"standard","meta":{"footnotes":""},"categories":[155],"tags":[29,214,30,54401,215,1448],"class_list":{"0":"post-153839","1":"post","2":"type-post","3":"status-publish","4":"format-standard","5":"has-post-thumbnail","7":"category-unterhaltung","8":"tag-deutschland","9":"tag-entertainment","10":"tag-germany","11":"tag-samstagskrimi","12":"tag-unterhaltung","13":"tag-zdf"},"share_on_mastodon":{"url":"https:\/\/pubeurope.com\/@de\/114601840102118281","error":""},"_links":{"self":[{"href":"https:\/\/www.europesays.com\/de\/wp-json\/wp\/v2\/posts\/153839","targetHints":{"allow":["GET"]}}],"collection":[{"href":"https:\/\/www.europesays.com\/de\/wp-json\/wp\/v2\/posts"}],"about":[{"href":"https:\/\/www.europesays.com\/de\/wp-json\/wp\/v2\/types\/post"}],"author":[{"embeddable":true,"href":"https:\/\/www.europesays.com\/de\/wp-json\/wp\/v2\/users\/2"}],"replies":[{"embeddable":true,"href":"https:\/\/www.europesays.com\/de\/wp-json\/wp\/v2\/comments?post=153839"}],"version-history":[{"count":0,"href":"https:\/\/www.europesays.com\/de\/wp-json\/wp\/v2\/posts\/153839\/revisions"}],"wp:featuredmedia":[{"embeddable":true,"href":"https:\/\/www.europesays.com\/de\/wp-json\/wp\/v2\/media\/153840"}],"wp:attachment":[{"href":"https:\/\/www.europesays.com\/de\/wp-json\/wp\/v2\/media?parent=153839"}],"wp:term":[{"taxonomy":"category","embeddable":true,"href":"https:\/\/www.europesays.com\/de\/wp-json\/wp\/v2\/categories?post=153839"},{"taxonomy":"post_tag","embeddable":true,"href":"https:\/\/www.europesays.com\/de\/wp-json\/wp\/v2\/tags?post=153839"}],"curies":[{"name":"wp","href":"https:\/\/api.w.org\/{rel}","templated":true}]}}