{"id":153860,"date":"2025-05-31T10:04:10","date_gmt":"2025-05-31T10:04:10","guid":{"rendered":"https:\/\/www.europesays.com\/de\/153860\/"},"modified":"2025-05-31T10:04:10","modified_gmt":"2025-05-31T10:04:10","slug":"brand-in-einem-mehrfamilienhaus-feuerwehr-rettete-mehrere-katzen","status":"publish","type":"post","link":"https:\/\/www.europesays.com\/de\/153860\/","title":{"rendered":"Brand in einem Mehrfamilienhaus, Feuerwehr rettete mehrere Katzen"},"content":{"rendered":"<p>In der Nacht des 31.05.25 um 02:03 Uhr kam es zu einem Brand im Erdgeschoss eines Mehrfamilienhauses auf der Regentenstra\u00dfe.<\/p>\n<p>Beim Eintreffen der Feuerwehr stand die Wohnung bereits im Vollbrand, zuvor konnten sich noch vier Bewohner aus den dar\u00fcberliegenden Etagen \u00fcber den Treppenraum ins Freie retten.<\/p>\n<p>Da zun\u00e4chst unklar war, ob sich weitere Personen im Geb\u00e4ude befinden, leitete die Feuerwehr umgehend umfassende Ma\u00dfnahmen zur Menschenrettung und Brandbek\u00e4mpfung ein. Es gingen drei Trupps unter Pressluftatmer zur Kontrolle aller Wohnungen sowie zur Brandbek\u00e4mpfung vor. Weitere Personen wurden nicht vorgefunden.<\/p>\n<p>Aus einer der Wohnungen wurden jedoch sieben Katzen vor dem Erstickungstod gerettet.<\/p>\n<p>Vorsorglich wurden auch die benachbarten Geb\u00e4ude evakuiert. Nach umfangreicher Kontrolle konnten die Bewohner der benachbarten Geb\u00e4ude jedoch zeitnah in ihre Wohnungen zur\u00fcckkehren.<\/p>\n<p>Die Brandwohnung ist infolge der starken Rauch- und Brandsch\u00e4den derzeit nicht bewohnbar. Der Bewohner wurde durch das Sozialamt der Stadt M\u00f6nchengladbach in einer Notunterkunft untergebracht.<\/p>\n<p>Personen kamen bei dem Einsatz nicht zu Schaden.<\/p>\n<p>Im Einsatz waren der L\u00f6schzug der Feuer- und Rettungswache I (Neuwerk), ein Hilfeleistungsl\u00f6schfahrzeug der Feuer- und Rettungswache II (Holt), der Ger\u00e4tewagen Atemschutz und der Ger\u00e4tewagen Einsatzstellenhygiene aus dem Technik- und Logistikzentrum (Holt), die Einheit Stadtmitte der Freiwilligen Feuerwehr, ein Rettungswagen und ein Notarzt der Stadt M\u00f6nchengladbach, sowie der F\u00fchrungsdienst der Berufsfeuerwehr.<\/p>\n<p>Einsatzleiter: BA Christian K\u00fcppers<\/p>\n<p>R\u00fcckfragen bitte an:<\/p>\n<p>Stadt M\u00f6nchengladbach Fachbereich 37 &#8211; Feuerwehr F\u00fchrungs- und Lagezentrum Stockholtweg 132 41238 M\u00f6nchengladbach<\/p>\n<p>Telefon: 02166\/9989-0 Fax: 02166\/9989-37729 E-Mail: leitstelle.feuerwehr@moenchengladbach.de http:\/\/www.feuerwehr-mg.de\/<\/p>\n<p> Original-Content von: Feuerwehr M\u00f6nchengladbach, \u00fcbermittelt durch news aktuell<\/p>\n","protected":false},"excerpt":{"rendered":"In der Nacht des 31.05.25 um 02:03 Uhr kam es zu einem Brand im Erdgeschoss eines Mehrfamilienhauses auf&hellip;\n","protected":false},"author":2,"featured_media":153861,"comment_status":"","ping_status":"","sticky":false,"template":"","format":"standard","meta":{"footnotes":""},"categories":[1849],"tags":[3364,29,548,663,3934,30,13,4455,14,15,1209,12925,12],"class_list":{"0":"post-153860","1":"post","2":"type-post","3":"status-publish","4":"format-standard","5":"has-post-thumbnail","7":"category-moenchengladbach","8":"tag-de","9":"tag-deutschland","10":"tag-eu","11":"tag-europa","12":"tag-europe","13":"tag-germany","14":"tag-headlines","15":"tag-moenchengladbach","16":"tag-nachrichten","17":"tag-news","18":"tag-nordrhein-westfalen","19":"tag-polizeimeldungen","20":"tag-schlagzeilen"},"share_on_mastodon":{"url":"https:\/\/pubeurope.com\/@de\/114601883270705490","error":""},"_links":{"self":[{"href":"https:\/\/www.europesays.com\/de\/wp-json\/wp\/v2\/posts\/153860","targetHints":{"allow":["GET"]}}],"collection":[{"href":"https:\/\/www.europesays.com\/de\/wp-json\/wp\/v2\/posts"}],"about":[{"href":"https:\/\/www.europesays.com\/de\/wp-json\/wp\/v2\/types\/post"}],"author":[{"embeddable":true,"href":"https:\/\/www.europesays.com\/de\/wp-json\/wp\/v2\/users\/2"}],"replies":[{"embeddable":true,"href":"https:\/\/www.europesays.com\/de\/wp-json\/wp\/v2\/comments?post=153860"}],"version-history":[{"count":0,"href":"https:\/\/www.europesays.com\/de\/wp-json\/wp\/v2\/posts\/153860\/revisions"}],"wp:featuredmedia":[{"embeddable":true,"href":"https:\/\/www.europesays.com\/de\/wp-json\/wp\/v2\/media\/153861"}],"wp:attachment":[{"href":"https:\/\/www.europesays.com\/de\/wp-json\/wp\/v2\/media?parent=153860"}],"wp:term":[{"taxonomy":"category","embeddable":true,"href":"https:\/\/www.europesays.com\/de\/wp-json\/wp\/v2\/categories?post=153860"},{"taxonomy":"post_tag","embeddable":true,"href":"https:\/\/www.europesays.com\/de\/wp-json\/wp\/v2\/tags?post=153860"}],"curies":[{"name":"wp","href":"https:\/\/api.w.org\/{rel}","templated":true}]}}