{"id":153868,"date":"2025-05-31T10:08:09","date_gmt":"2025-05-31T10:08:09","guid":{"rendered":"https:\/\/www.europesays.com\/de\/153868\/"},"modified":"2025-05-31T10:08:09","modified_gmt":"2025-05-31T10:08:09","slug":"pol-ma-hockenheim-rhein-neckar-kreis-unfall-auf-der-bab-6-fahrzeug-ueberschlaegt","status":"publish","type":"post","link":"https:\/\/www.europesays.com\/de\/153868\/","title":{"rendered":"POL-MA: Hockenheim\/Rhein-Neckar-Kreis: Unfall auf der BAB 6, Fahrzeug \u00fcberschl\u00e4gt &#8230;"},"content":{"rendered":"<p class=\"date\">31.05.2025 \u2013 08:25<\/p>\n<p class=\"customer\">\n                        <a class=\"story-customer\" title=\"weiter zum newsroom von Polizeipr\u00e4sidium Mannheim\" href=\"https:\/\/www.presseportal.de\/blaulicht\/nr\/14915\" rel=\"nofollow noopener\" target=\"_blank\">Polizeipr\u00e4sidium Mannheim<\/a>\n                    <\/p>\n<p><a data-category=\"citylink-story-view\" data-action=\"click\" data-label=\"Citylink in Meldungsansicht\" class=\"story-city event-trigger\" href=\"https:\/\/www.presseportal.de\/regional\/Hockenheim%252FRhein-Neckar-Kreis\" title=\"News aus Hockenheim\/Rhein-Neckar-Kreis \" rel=\"nofollow noopener\" target=\"_blank\">Hockenheim\/Rhein-Neckar-Kreis<\/a> (ots)<\/p>\n<p>Wie bereits berichtet, kam es in der vergangenen Nacht gegen 20:22 Uhr auf der BAB 6 in Fahrtrichtung Mannheim, zwischen dem Autobahnkreuz Walldorf und dem Autobahndreieck Hockenheim, zu einem schweren Verkehrsunfall.<\/p>\n<p>Eine 20-j\u00e4hrige BMW-Fahrerin befuhr hinter einem LKW den rechten Fahrstreifen. Auf der mittleren Spur befand sich ein VW Golf, der von einem 37-j\u00e4hrigen Mann gesteuert wurde. Beim Versuch, den vorausfahrenden LKW zu \u00fcberholen, wechselte die BMW-Fahrerin auf den mittleren Fahrstreifen und stie\u00df dabei seitlich mit dem Frontbereich des VW zusammen.<\/p>\n<p>Infolge der Kollision verlor die BMW-Fahrerin die Kontrolle \u00fcber ihr Fahrzeug, geriet ins Schleudern und prallte gegen die linke Betonleitwand. Der BMW wurde durch den Aufprall nach oben abgewiesen, drehte sich um 180 Grad um die L\u00e4ngsachse und schlug mit dem Fahrzeugdach auf der Fahrbahn auf. Anschlie\u00dfend schlitterte der Wagen rund 200 Meter weiter und kam schlie\u00dflich auf dem mittleren und rechten Fahrstreifen zum Stillstand.<\/p>\n<p>Der VW-Fahrer konnte sein Fahrzeug unter Kontrolle halten und sicher auf dem Seitenstreifen zum Stehen bringen. In seinem Fahrzeug befanden sich zudem eine 44-j\u00e4hrige Beifahrerin sowie zwei Kinder im Alter von 9 Monaten und 7 Jahren &#8211; alle Insassen blieben unverletzt.<\/p>\n<p>Die BMW-Fahrerin wurde leicht verletzt und zur weiteren medizinischen Versorgung in ein Krankenhaus gebracht.<\/p>\n<p>Beide Fahrzeuge waren nicht mehr fahrbereit und mussten abgeschleppt werden. Der entstandene Gesamtsachschaden wird auf rund 22.000 Euro gesch\u00e4tzt.<\/p>\n<p>F\u00fcr die Dauer der Unfallaufnahme sowie der Bergungsma\u00dfnahmen war die Richtungsfahrbahn zwischen dem Autobahnkreuz Walldorf und dem Autobahndreieck Hockenheim voll gesperrt. Gegen 22:00 Uhr wurde die Strecke wieder f\u00fcr den Verkehr freigegeben.<\/p>\n<p class=\"contact-headline\">R\u00fcckfragen bitte an:<\/p>\n<p class=\"contact-text\">Polizeipr\u00e4sidium Mannheim<br \/>F\u00fchrungs- und Lagezentrum<br \/>Adelina Ali<br \/>Telefon: 0621 174-1111<br \/>E-Mail: <a href=\"https:\/\/www.presseportal.de\/blaulicht\/pm\/14915\/mailto: mannheim.pp@polizei.bwl.de\" class=\"uri-mailto\" rel=\"nofollow noopener\" target=\"_blank\"> mannheim.pp@polizei.bwl.de<\/a><br \/><a target=\"_blank\" class=\"uri-ext outbound\" rel=\"noopener nofollow\" href=\"http:\/\/www.polizei-bw.de\/\">http:\/\/www.polizei-bw.de\/<\/a><\/p>\n<p class=\"originator\">Original-Content von: Polizeipr\u00e4sidium Mannheim, \u00fcbermittelt durch news aktuell<\/p>\n","protected":false},"excerpt":{"rendered":"31.05.2025 \u2013 08:25 Polizeipr\u00e4sidium Mannheim Hockenheim\/Rhein-Neckar-Kreis (ots) Wie bereits berichtet, kam es in der vergangenen Nacht gegen 20:22&hellip;\n","protected":false},"author":2,"featured_media":108,"comment_status":"","ping_status":"","sticky":false,"template":"","format":"standard","meta":{"footnotes":""},"categories":[1845],"tags":[1634,6187,3364,29,548,663,3934,30,13,177,2096,14,15,121,178,180,179,181,12],"class_list":{"0":"post-153868","1":"post","2":"type-post","3":"status-publish","4":"format-standard","5":"has-post-thumbnail","7":"category-mannheim","8":"tag-baden-wuerttemberg","9":"tag-bw","10":"tag-de","11":"tag-deutschland","12":"tag-eu","13":"tag-europa","14":"tag-europe","15":"tag-germany","16":"tag-headlines","17":"tag-kriminalitt","18":"tag-mannheim","19":"tag-nachrichten","20":"tag-news","21":"tag-polizei","22":"tag-presse","23":"tag-pressemeldung","24":"tag-pressemitteilung","25":"tag-pressemitteilungen","26":"tag-schlagzeilen"},"share_on_mastodon":{"url":"https:\/\/pubeurope.com\/@de\/114601899098807791","error":""},"_links":{"self":[{"href":"https:\/\/www.europesays.com\/de\/wp-json\/wp\/v2\/posts\/153868","targetHints":{"allow":["GET"]}}],"collection":[{"href":"https:\/\/www.europesays.com\/de\/wp-json\/wp\/v2\/posts"}],"about":[{"href":"https:\/\/www.europesays.com\/de\/wp-json\/wp\/v2\/types\/post"}],"author":[{"embeddable":true,"href":"https:\/\/www.europesays.com\/de\/wp-json\/wp\/v2\/users\/2"}],"replies":[{"embeddable":true,"href":"https:\/\/www.europesays.com\/de\/wp-json\/wp\/v2\/comments?post=153868"}],"version-history":[{"count":0,"href":"https:\/\/www.europesays.com\/de\/wp-json\/wp\/v2\/posts\/153868\/revisions"}],"wp:featuredmedia":[{"embeddable":true,"href":"https:\/\/www.europesays.com\/de\/wp-json\/wp\/v2\/media\/108"}],"wp:attachment":[{"href":"https:\/\/www.europesays.com\/de\/wp-json\/wp\/v2\/media?parent=153868"}],"wp:term":[{"taxonomy":"category","embeddable":true,"href":"https:\/\/www.europesays.com\/de\/wp-json\/wp\/v2\/categories?post=153868"},{"taxonomy":"post_tag","embeddable":true,"href":"https:\/\/www.europesays.com\/de\/wp-json\/wp\/v2\/tags?post=153868"}],"curies":[{"name":"wp","href":"https:\/\/api.w.org\/{rel}","templated":true}]}}