{"id":153904,"date":"2025-05-31T10:31:11","date_gmt":"2025-05-31T10:31:11","guid":{"rendered":"https:\/\/www.europesays.com\/de\/153904\/"},"modified":"2025-05-31T10:31:11","modified_gmt":"2025-05-31T10:31:11","slug":"verkehrschaos-in-bonn-endenich-koennte-frueher-enden","status":"publish","type":"post","link":"https:\/\/www.europesays.com\/de\/153904\/","title":{"rendered":"Verkehrschaos in Bonn-Endenich k\u00f6nnte fr\u00fcher enden"},"content":{"rendered":"<p>Das sagt uns ein Sprecher der Autobahn-GmbH. Demnach seien die Abrissarbeiten an einer Br\u00fccke im Zweischichtbetrieeb so gut gelaufen, dass die Strecke eventuell schon fr\u00fcher wieder frei wird. Am 27. Mai seien die Abrissarbeiten abgeschlossen worden, hei\u00dft es. Ab da hatten die Bauarbeier frei. Wann genau wieder freie Fahrt am Endenicher Ei ist, stehe aber noch nicht fest. Urspr\u00fcnglich sollte die Sperrung noch bis zum 12. Juni bleiben.<\/p>\n","protected":false},"excerpt":{"rendered":"Das sagt uns ein Sprecher der Autobahn-GmbH. Demnach seien die Abrissarbeiten an einer Br\u00fccke im Zweischichtbetrieeb so gut&hellip;\n","protected":false},"author":2,"featured_media":153905,"comment_status":"","ping_status":"","sticky":false,"template":"","format":"standard","meta":{"footnotes":""},"categories":[1842],"tags":[54408,54409,54410,2461,1741,3364,29,30,1209,3043],"class_list":{"0":"post-153904","1":"post","2":"type-post","3":"status-publish","4":"format-standard","5":"has-post-thumbnail","7":"category-bonn","8":"tag-a565","9":"tag-endenich","10":"tag-endenicher-ei","11":"tag-baustelle","12":"tag-bonn","13":"tag-de","14":"tag-deutschland","15":"tag-germany","16":"tag-nordrhein-westfalen","17":"tag-vollsperrung"},"share_on_mastodon":{"url":"https:\/\/pubeurope.com\/@de\/114601989541371690","error":""},"_links":{"self":[{"href":"https:\/\/www.europesays.com\/de\/wp-json\/wp\/v2\/posts\/153904","targetHints":{"allow":["GET"]}}],"collection":[{"href":"https:\/\/www.europesays.com\/de\/wp-json\/wp\/v2\/posts"}],"about":[{"href":"https:\/\/www.europesays.com\/de\/wp-json\/wp\/v2\/types\/post"}],"author":[{"embeddable":true,"href":"https:\/\/www.europesays.com\/de\/wp-json\/wp\/v2\/users\/2"}],"replies":[{"embeddable":true,"href":"https:\/\/www.europesays.com\/de\/wp-json\/wp\/v2\/comments?post=153904"}],"version-history":[{"count":0,"href":"https:\/\/www.europesays.com\/de\/wp-json\/wp\/v2\/posts\/153904\/revisions"}],"wp:featuredmedia":[{"embeddable":true,"href":"https:\/\/www.europesays.com\/de\/wp-json\/wp\/v2\/media\/153905"}],"wp:attachment":[{"href":"https:\/\/www.europesays.com\/de\/wp-json\/wp\/v2\/media?parent=153904"}],"wp:term":[{"taxonomy":"category","embeddable":true,"href":"https:\/\/www.europesays.com\/de\/wp-json\/wp\/v2\/categories?post=153904"},{"taxonomy":"post_tag","embeddable":true,"href":"https:\/\/www.europesays.com\/de\/wp-json\/wp\/v2\/tags?post=153904"}],"curies":[{"name":"wp","href":"https:\/\/api.w.org\/{rel}","templated":true}]}}