{"id":153939,"date":"2025-05-31T10:50:11","date_gmt":"2025-05-31T10:50:11","guid":{"rendered":"https:\/\/www.europesays.com\/de\/153939\/"},"modified":"2025-05-31T10:50:11","modified_gmt":"2025-05-31T10:50:11","slug":"stuttgart-kaltental-nach-verkehrsunfall-gefluechtet-zeugen-gesucht","status":"publish","type":"post","link":"https:\/\/www.europesays.com\/de\/153939\/","title":{"rendered":"Stuttgart-Kaltental: Nach Verkehrsunfall gefl\u00fcchtet &#8211; Zeugen gesucht"},"content":{"rendered":"<p>\t\t\t\t\t\t\t\t\t\t\t\t\t\t\t\t\t\t\t\t\t\t\t\t\t\t\t\t      \t\t            \t\t             \t\t\t\t   \t\t\t\t\t   <img decoding=\"async\" id=\"article-image\" fetchpriority=\"high\" alt=\"Stuttgart-Kaltental: Nach Verkehrsunfall gefl\u00fcchtet - Zeugen gesucht\" title=\"Stuttgart-Kaltental: Nach Verkehrsunfall gefl\u00fcchtet - Zeugen gesucht\" src=\"https:\/\/www.europesays.com\/de\/wp-content\/uploads\/2025\/05\/media.media.56b21219-1819-4e2f-9138-5c58fc7a211e.16x9_700.jpg\" data-linkto=\"https:\/\/www.stuttgarter-nachrichten.de\/javascript:void(0);\"\/>\t\t\t\t\t\t\t\t\t\t\t\t\t\t\t\t\t\t\t\t\t\t\t\tDie Polizei bittet um Hinweise. (Symbolbild)\u00a0Foto: Philipp von Ditfurth\/dpa\t\t\t<\/p>\n<p>Am Freitagnachmittag wurde eine 72-j\u00e4hrige Radfahrerin in Stuttgart-Kaltental von einem Auto touchiert und leicht verletzt.<\/p>\n<p>Eine Leichtverletzte und etwa 100 Euro Sachschaden sind die Folgen eines <a href=\"https:\/\/www.stuttgarter-nachrichten.de\/thema\/Verkehrsunfall\" title=\"Verkehrsunfall\" class=\"art_thema\" target=\"_blank\" rel=\"noopener\">Verkehrsunfall<\/a>s in <a href=\"https:\/\/www.stuttgarter-nachrichten.de\/thema\/Stuttgart\" title=\"Stuttgart\" class=\"art_thema\" target=\"_blank\" rel=\"noopener\">Stuttgart<\/a>-Kaltental, der sich am Freitagnachmittag ereignet hat. <\/p>\n<p>Wie die <a href=\"https:\/\/www.stuttgarter-nachrichten.de\/thema\/Polizei\" title=\"Polizei\" class=\"art_thema\" target=\"_blank\" rel=\"noopener\">Polizei<\/a> mitteilt, war eine 72-j\u00e4hrige Frau gegen 15.30 Uhr mit dem <a href=\"https:\/\/www.stuttgarter-nachrichten.de\/thema\/Fahrrad\" title=\"Fahrrad\" class=\"art_thema\" target=\"_blank\" rel=\"noopener\">Fahrrad<\/a> auf der B\u00f6blinger Stra\u00dfe stadteinw\u00e4rts unterwegs gewesen, als sie von einem Auto \u00fcberholt wurde. Als das Auto in die Engelboldstra\u00dfe abbog, soll es das Fahrrad der <a href=\"https:\/\/www.stuttgarter-nachrichten.de\/thema\/Seniorin\" title=\"Seniorin\" class=\"art_thema\" target=\"_blank\" rel=\"noopener\">Seniorin<\/a> touchiert haben, daraufhin st\u00fcrzte die Frau. <\/p>\n<p>Der Fahrer des vermutlich grauen Fahrzeugs fuhr davon, ohne sich um die Verletzte zu k\u00fcmmern. Die gest\u00fcrzte Radfahrerin erlitt leichte Verletzungen und wurde mit dem Rettungswagen in ein Krankenhaus gebracht. Zeugen werden gebeten, sich unter der Rufnummer 0711\/8990-3300 beim Polizeirevier 3 Gutenbergstra\u00dfe zu melden.<\/p>\n","protected":false},"excerpt":{"rendered":"Die Polizei bittet um Hinweise. (Symbolbild)\u00a0Foto: Philipp von Ditfurth\/dpa Am Freitagnachmittag wurde eine 72-j\u00e4hrige Radfahrerin in Stuttgart-Kaltental von&hellip;\n","protected":false},"author":2,"featured_media":153940,"comment_status":"","ping_status":"","sticky":false,"template":"","format":"standard","meta":{"footnotes":""},"categories":[1830],"tags":[1634,3364,29,1234,30,121,8248,7431,1441,3260],"class_list":{"0":"post-153939","1":"post","2":"type-post","3":"status-publish","4":"format-standard","5":"has-post-thumbnail","7":"category-stuttgart","8":"tag-baden-wuerttemberg","9":"tag-de","10":"tag-deutschland","11":"tag-fahrrad","12":"tag-germany","13":"tag-polizei","14":"tag-polizeibericht-stuttgart","15":"tag-seniorin","16":"tag-stuttgart","17":"tag-verkehrsunfall"},"share_on_mastodon":{"url":"https:\/\/pubeurope.com\/@de\/114602064213746207","error":""},"_links":{"self":[{"href":"https:\/\/www.europesays.com\/de\/wp-json\/wp\/v2\/posts\/153939","targetHints":{"allow":["GET"]}}],"collection":[{"href":"https:\/\/www.europesays.com\/de\/wp-json\/wp\/v2\/posts"}],"about":[{"href":"https:\/\/www.europesays.com\/de\/wp-json\/wp\/v2\/types\/post"}],"author":[{"embeddable":true,"href":"https:\/\/www.europesays.com\/de\/wp-json\/wp\/v2\/users\/2"}],"replies":[{"embeddable":true,"href":"https:\/\/www.europesays.com\/de\/wp-json\/wp\/v2\/comments?post=153939"}],"version-history":[{"count":0,"href":"https:\/\/www.europesays.com\/de\/wp-json\/wp\/v2\/posts\/153939\/revisions"}],"wp:featuredmedia":[{"embeddable":true,"href":"https:\/\/www.europesays.com\/de\/wp-json\/wp\/v2\/media\/153940"}],"wp:attachment":[{"href":"https:\/\/www.europesays.com\/de\/wp-json\/wp\/v2\/media?parent=153939"}],"wp:term":[{"taxonomy":"category","embeddable":true,"href":"https:\/\/www.europesays.com\/de\/wp-json\/wp\/v2\/categories?post=153939"},{"taxonomy":"post_tag","embeddable":true,"href":"https:\/\/www.europesays.com\/de\/wp-json\/wp\/v2\/tags?post=153939"}],"curies":[{"name":"wp","href":"https:\/\/api.w.org\/{rel}","templated":true}]}}