{"id":153947,"date":"2025-05-31T10:54:12","date_gmt":"2025-05-31T10:54:12","guid":{"rendered":"https:\/\/www.europesays.com\/de\/153947\/"},"modified":"2025-05-31T10:54:12","modified_gmt":"2025-05-31T10:54:12","slug":"koeln-wasserrohrbruch-in-kalk-mehrere-keller-vollgelaufen","status":"publish","type":"post","link":"https:\/\/www.europesays.com\/de\/153947\/","title":{"rendered":"K\u00f6ln: Wasserrohrbruch in Kalk: Mehrere Keller vollgelaufen"},"content":{"rendered":"<p>H\u00e4user ohne Trinkwasser und Strom <\/p>\n<p>Wasserrohrbruch in Kalk: Mehrere Keller vollgelaufen<\/p>\n<p>31.05.2025 &#8211; 12:01 UhrLesedauer: 1 Min.<\/p>\n<p><a href=\"#focus-0\" class=\"transition-colors duration-200 focus-within:text-magenta block text-current relative\" data-sctrack=\"FocusGalleryImage.Reference\"><img fetchpriority=\"high\" data-testid=\"Opener.Image\" style=\"--lqipURL:url('https:\/\/images.t-online.de\/2025\/05\/ODxqE446wTBF\/0x1403:2667x1500\/fit-in\/150x0\/filters:blur(25)\/image.jpg')\"   loading=\"eager\" src=\"https:\/\/www.europesays.com\/de\/wp-content\/uploads\/2025\/05\/1748688851_374_image.jpg\" alt=\"imago images 0756856353\" title=\"imago images 0756856353\" width=\"2667\" height=\"1500\" class=\"bg-[url:var(--lqipURL)] bg-cover bg-center flex w-full max-w-full h-full\" decoding=\"async\"\/><img style=\"--width:32;--height:32\" loading=\"lazy\" src=\"https:\/\/www.europesays.com\/de\/wp-content\/uploads\/2025\/05\/zoom-in.f7dae02f.svg.svg+xml\" alt=\"Vergr\u00f6\u00dfern des Bildes\" title=\"Vergr\u00f6\u00dfern des Bildes\" class=\"&#10;        block&#10;        h-[calc(var(--height)_\/_16_*_1rem)]&#10;        w-[calc(var(--width)_\/_16_*_1rem)]&#10;        max-w-none&#10;        absolute bottom-8 right-8 rounded-4 bg-snow p-8\" decoding=\"async\"\/><\/a><\/p>\n<p>Achtung, Wasserrohrbruch (Symbolbild): In K\u00f6ln-Kalk sind seit Freitagmorgen mehrere (Quelle: IMAGO\/imageBROKER\/Anna Reinert)<\/p>\n<p class=\"font-bold text-18 leading-17\">Ein Wasserrohrbruch im K\u00f6lner Stadtteil Kalk besch\u00e4ftigt die Feuerwehr seit den Morgenstunden. Zahlreiche Keller werden \u00fcberflutet, Wasser und Strom teils abgestellt.<\/p>\n<p class=\"text-18 leading-17\">In K\u00f6ln-Kalk sorgt ein Wasserrohrbruch am Samstag (31. Mai) f\u00fcr Chaos. Seit dem Morgen ist die Feuerwehr an der Kreuzung Kalker Hauptstra\u00dfe\/Rolshover Stra\u00dfe im Einsatz, um Keller leerzupumpen, wie der Express und Radio <a class=\"transition-colors duration-200 cursor-pointer text-inherit no-underline text-salemsfur md:hover:text-magenta md:hover:border-magenta md:focus:text-magenta border-current border-b border-solid break-words\" href=\"https:\/\/www.t-online.de\/region\/koeln\/\" data-sctrack=\"BodyAnchor\" rel=\"nofollow noopener\" target=\"_blank\">K\u00f6ln<\/a> unter anderem berichten.<\/p>\n<p class=\"text-18 leading-17\">Der Vorfall ereignete sich demnach gegen 7 Uhr nahe der Rolshover Stra\u00dfe 4-6, als eine Trinkwasser-Netzleitung besch\u00e4digt wurde. Eine Sprecherin des Verteilnetzbetreibers RheinNetz erkl\u00e4rte gegen\u00fcber dem Express, dass es sich um eine gr\u00f6\u00dfere Leitung handelt und nicht um eine direkte H\u00e4userzuleitung.<\/p>\n<p class=\"text-18 leading-17\">Mehrere Keller, darunter auch der Aufzugsschacht eines Geb\u00e4udes, wurden Berichten zufolge \u00fcberflutet. Aus Sicherheitsgr\u00fcnden wurde dort der Strom abgeschaltet. Weitere betroffene H\u00e4user sind unter anderem in der Rolshover Stra\u00dfe 2 und Kalker Hauptstra\u00dfe 94, wo teilweise ebenfalls der Strom abgestellt werden musste.<\/p>\n<p class=\"text-18 leading-17\">Die Feuerwehr pumpt weiterhin das Wasser aus den Kellern. Ein Sachverst\u00e4ndiger pr\u00fcft m\u00f6gliche Sch\u00e4den an der Fahrbahn durch Untersp\u00fclung. Auch ein Team einer Tiefbaufirma ist vor Ort und arbeitet an der Stra\u00dfe, was zu Sperrungen f\u00fchrt. Der Bereich um die Kreuzung ist gesperrt; Umleitungen sind eingerichtet.<\/p>\n<p class=\"text-18 leading-17\">Wann die Reparaturen abgeschlossen sein werden und die Wasserversorgung sowie Stromversorgung wiederhergestellt sind, ist derzeit noch unklar.<\/p>\n","protected":false},"excerpt":{"rendered":"H\u00e4user ohne Trinkwasser und Strom Wasserrohrbruch in Kalk: Mehrere Keller vollgelaufen 31.05.2025 &#8211; 12:01 UhrLesedauer: 1 Min. Achtung,&hellip;\n","protected":false},"author":2,"featured_media":153948,"comment_status":"","ping_status":"","sticky":false,"template":"","format":"standard","meta":{"footnotes":""},"categories":[1828],"tags":[5171,29,985,30,1420,2779,1209,176,6053,6423],"class_list":{"0":"post-153947","1":"post","2":"type-post","3":"status-publish","4":"format-standard","5":"has-post-thumbnail","7":"category-koeln","8":"tag-wasserrohrbruch","9":"tag-deutschland","10":"tag-feuerwehr","11":"tag-germany","12":"tag-koeln","13":"tag-morgenstund","14":"tag-nordrhein-westfalen","15":"tag-nrw","16":"tag-stadtteil","17":"tag-trinkwasser"},"share_on_mastodon":{"url":"https:\/\/pubeurope.com\/@de\/114602079993959400","error":""},"_links":{"self":[{"href":"https:\/\/www.europesays.com\/de\/wp-json\/wp\/v2\/posts\/153947","targetHints":{"allow":["GET"]}}],"collection":[{"href":"https:\/\/www.europesays.com\/de\/wp-json\/wp\/v2\/posts"}],"about":[{"href":"https:\/\/www.europesays.com\/de\/wp-json\/wp\/v2\/types\/post"}],"author":[{"embeddable":true,"href":"https:\/\/www.europesays.com\/de\/wp-json\/wp\/v2\/users\/2"}],"replies":[{"embeddable":true,"href":"https:\/\/www.europesays.com\/de\/wp-json\/wp\/v2\/comments?post=153947"}],"version-history":[{"count":0,"href":"https:\/\/www.europesays.com\/de\/wp-json\/wp\/v2\/posts\/153947\/revisions"}],"wp:featuredmedia":[{"embeddable":true,"href":"https:\/\/www.europesays.com\/de\/wp-json\/wp\/v2\/media\/153948"}],"wp:attachment":[{"href":"https:\/\/www.europesays.com\/de\/wp-json\/wp\/v2\/media?parent=153947"}],"wp:term":[{"taxonomy":"category","embeddable":true,"href":"https:\/\/www.europesays.com\/de\/wp-json\/wp\/v2\/categories?post=153947"},{"taxonomy":"post_tag","embeddable":true,"href":"https:\/\/www.europesays.com\/de\/wp-json\/wp\/v2\/tags?post=153947"}],"curies":[{"name":"wp","href":"https:\/\/api.w.org\/{rel}","templated":true}]}}