{"id":15395,"date":"2025-04-08T10:32:10","date_gmt":"2025-04-08T10:32:10","guid":{"rendered":"https:\/\/www.europesays.com\/de\/15395\/"},"modified":"2025-04-08T10:32:10","modified_gmt":"2025-04-08T10:32:10","slug":"ju-koeln-schreibt-brandbrief-an-friedrich-merz","status":"publish","type":"post","link":"https:\/\/www.europesays.com\/de\/15395\/","title":{"rendered":"JU K\u00f6ln schreibt Brandbrief an Friedrich Merz"},"content":{"rendered":"<p>&#8222;Wir wollen keinen schwachen Kanzler&#8220; <\/p>\n<p>K\u00f6lner JU kritisiert Merz f\u00fcr &#8222;politisches Desaster&#8220;<\/p>\n<p>08.04.2025 &#8211; 07:01 UhrLesedauer: 2 Min.<\/p>\n<p><a href=\"#focus-0\" class=\"transition-colors duration-200 focus-within:text-magenta block text-current relative\" data-sctrack=\"FocusGalleryImage.Reference\"><img fetchpriority=\"high\" data-testid=\"Opener.Image\" style=\"--lqipURL:url('https:\/\/images.t-online.de\/2025\/04\/rcmqnEvLNAIs\/94x131:3775x2124\/fit-in\/150x0\/filters:blur(25)\/berlin-deutschland-28-032025-willy-brandt-haus-koalitionsverhandlungen-zwischen-union-und-spd-friedrich-merz-lars-klingbeil-berlin-germany-28-03-2025-willy-brandt-house-coalition-negotiations-between-the-cdu-csu-and-spd-friedrich-merz-lars-klingbeil-copyright-xdtsxnachrichtenagenturx-dts-63490.jpg')\"   loading=\"eager\" src=\"https:\/\/www.europesays.com\/de\/wp-content\/uploads\/2025\/04\/berlin-deutschland-28-032025-willy-brandt-haus-koalitionsverhandlungen-zwischen-union-und-spd-friedr.jpeg\" alt=\"imago images 0807946853\" title=\"imago images 0807946853\" width=\"3775\" height=\"2124\" class=\"bg-[url:var(--lqipURL)] bg-cover bg-center flex w-full max-w-full h-full\" decoding=\"async\"\/><img style=\"--width:32;--height:32\" loading=\"lazy\" src=\"https:\/\/www.europesays.com\/de\/wp-content\/uploads\/2025\/03\/zoom-in.f7dae02f.svg.svg+xml\" alt=\"Vergr\u00f6\u00dfern des Bildes\" title=\"Vergr\u00f6\u00dfern des Bildes\" class=\"&#10;        block&#10;        h-[calc(var(--height)_\/_16_*_1rem)]&#10;        w-[calc(var(--width)_\/_16_*_1rem)]&#10;        max-w-none&#10;        absolute bottom-8 right-8 rounded-4 bg-snow p-8\" decoding=\"async\"\/><\/a><\/p>\n<p>CDU-Kanzlerkandidat Friedrich Merz w\u00e4hrend der Koalitionsverhandlungen: Vor allem an der Parteibasis kommt die Kompromissbereitschaft des Sauerl\u00e4nders nicht gut an. (Quelle: IMAGO\/dts Nachrichtenagentur\/imago)<\/p>\n<p class=\"font-bold text-18 leading-17\">In einem offenen Brief greift die Junge Union die Parteispitze an. Sie sorgt sich auch um die K\u00f6lner Kommunalwahlen im Herbst.<\/p>\n<p class=\"text-18 leading-17\">&#8222;Was wir derzeit aus <a class=\"transition-colors duration-200 cursor-pointer text-inherit no-underline text-salemsfur md:hover:text-magenta md:hover:border-magenta md:focus:text-magenta border-current border-b border-solid break-words\" href=\"https:\/\/www.t-online.de\/region\/berlin\/\" data-sctrack=\"BodyAnchor\" rel=\"nofollow noopener\" target=\"_blank\">Berlin<\/a> vernehmen, ist ein politisches Desaster und eine gro\u00dfe Entt\u00e4uschung f\u00fcr die vielen engagierten Mitglieder der Basis&#8220;, hei\u00dft es in dem Schreiben, das mit &#8222;k\u00e4mpferischen, aber missmutigen Gr\u00fc\u00dfen&#8220; unterzeichnet ist. Darin kritisiert die <a class=\"transition-colors duration-200 cursor-pointer text-inherit no-underline text-salemsfur md:hover:text-magenta md:hover:border-magenta md:focus:text-magenta border-current border-b border-solid break-words\" href=\"https:\/\/www.t-online.de\/nachrichten\/deutschland\/innenpolitik\/id_100666906\/koalitionsverhandlungen-ju-koeln-schreibt-offenen-brief-an-cdu-parteispitze.html\" data-sctrack=\"BodyAnchor\" rel=\"nofollow noopener\" target=\"_blank\">JU<\/a> vor allem die laufenden Koalitionsverhandlungen und die aus ihrer Sicht bisher entt\u00e4uschenden Ergebnisse.<\/p>\n<p class=\"text-18 leading-17\">&#8222;Wir haben in einer linksdominierten Stadt wie K\u00f6ln f\u00fcr konservative Werte gek\u00e4mpft&#8220;, schreiben die Jungpolitiker weiter. Daf\u00fcr habe man Winterwahlkampf gemacht \u2013 und nicht f\u00fcr &#8222;opportunistische Deals&#8220;. Zahlreiche Teile der CDU-Basis hatten Merz und Co. vorgeworfen, in den bisherigen Verhandlungen zu sehr die W\u00fcnsche der <a class=\"transition-colors duration-200 cursor-pointer text-inherit no-underline text-salemsfur md:hover:text-magenta md:hover:border-magenta md:focus:text-magenta border-current border-b border-solid break-words\" href=\"https:\/\/www.t-online.de\/themen\/spd\/\" data-sctrack=\"BodyAnchor\" rel=\"nofollow noopener\" target=\"_blank\">SPD<\/a> umgesetzt zu haben.<\/p>\n<p class=\"text-18 leading-17\">Dabei nennt die <a class=\"transition-colors duration-200 cursor-pointer text-inherit no-underline text-salemsfur md:hover:text-magenta md:hover:border-magenta md:focus:text-magenta border-current border-b border-solid break-words\" href=\"https:\/\/www.t-online.de\/nachrichten\/deutschland\/bundestagswahl\/id_100625138\/sondierungen-junge-union-kritisiert-ausweitung-der-muetterrente.html\" data-sctrack=\"BodyAnchor\" rel=\"nofollow noopener\" target=\"_blank\">JU K\u00f6ln<\/a> f\u00fcnf Kernpunkte, die f\u00fcr eine Regierungsbildung zwingend notwendig sind: Zur\u00fcckweisungen an der Grenze, keine Steuererh\u00f6hungen, eine Wehrpflicht und einen Nationalen Sicherheitsrat, massiven B\u00fcrokratieabbau und eine Verkleinerung der Ministerien, sowie keine Proporzminister.<\/p>\n<p class=\"text-18 leading-17\">Dass bei der Verteilung der Ministerien auf Quoten gesetzt werde, sei &#8222;besonders emp\u00f6rend&#8220;. &#8222;Wenn Sie diese Partei wirklich f\u00fchren wollen, dann f\u00fchren Sie sie bitte auch \u2013 und zwar mit Haltung, Profil und R\u00fcckgrat. Wir wollen keinen schwachen Bundeskanzler, sondern einen starken <a class=\"transition-colors duration-200 cursor-pointer text-inherit no-underline text-salemsfur md:hover:text-magenta md:hover:border-magenta md:focus:text-magenta border-current border-b border-solid break-words\" href=\"https:\/\/www.t-online.de\/themen\/friedrich-merz\/\" data-sctrack=\"BodyAnchor\" rel=\"nofollow noopener\" target=\"_blank\">Friedrich Merz<\/a>!&#8220;, hei\u00dft es weiter. Ohne sofortige Kurs\u00e4nderung w\u00fcrde das Profil der CDU zerst\u00f6rt und das Vertrauen der Menschen w\u00fcrde leiden.<\/p>\n<p class=\"text-18 leading-17\">Die CDU hatte in K\u00f6ln trotz vorher guter Umfragewerte erneut kein Direktmandat in einem der vier Wahlkreise geholt. Die <a class=\"transition-colors duration-200 cursor-pointer text-inherit no-underline text-salemsfur md:hover:text-magenta md:hover:border-magenta md:focus:text-magenta border-current border-b border-solid break-words\" href=\"https:\/\/www.t-online.de\/region\/koeln\/id_100668328\/koeln-serap-gueler-als-erste-frau-im-cdu-vorsitz-gewaehlt.html\" data-sctrack=\"BodyAnchor\" rel=\"nofollow noopener\" target=\"_blank\">neue K\u00f6lner CDU-Vorsitzende Serap G\u00fcler<\/a> hatte ihren Wahlkreis gewechselt, verlor allerdings knapp gegen die SPD-Kandidatin Sanae Abdi. Sie zog \u00fcber die Landesliste ihrer Partei in den Bundestag ein.<\/p>\n","protected":false},"excerpt":{"rendered":"&#8222;Wir wollen keinen schwachen Kanzler&#8220; K\u00f6lner JU kritisiert Merz f\u00fcr &#8222;politisches Desaster&#8220; 08.04.2025 &#8211; 07:01 UhrLesedauer: 2 Min.&hellip;\n","protected":false},"author":2,"featured_media":15396,"comment_status":"","ping_status":"","sticky":false,"template":"","format":"standard","meta":{"footnotes":""},"categories":[1828],"tags":[296,31,774,29,775,30,851,8118,1208,773,1420,1209,7786,7784,184],"class_list":{"0":"post-15395","1":"post","2":"type-post","3":"status-publish","4":"format-standard","5":"has-post-thumbnail","7":"category-koeln","8":"tag-berlin","9":"tag-cdu","10":"tag-csu","11":"tag-deutschland","12":"tag-friedrich-merz","13":"tag-germany","14":"tag-herbst","15":"tag-junge-union","16":"tag-kanzlerkandidat","17":"tag-koalitionsverhandlung","18":"tag-koeln","19":"tag-nordrhein-westfalen","20":"tag-parteispitze","21":"tag-parteitag","22":"tag-spd"},"share_on_mastodon":{"url":"https:\/\/pubeurope.com\/@de\/114301891032481194","error":""},"_links":{"self":[{"href":"https:\/\/www.europesays.com\/de\/wp-json\/wp\/v2\/posts\/15395","targetHints":{"allow":["GET"]}}],"collection":[{"href":"https:\/\/www.europesays.com\/de\/wp-json\/wp\/v2\/posts"}],"about":[{"href":"https:\/\/www.europesays.com\/de\/wp-json\/wp\/v2\/types\/post"}],"author":[{"embeddable":true,"href":"https:\/\/www.europesays.com\/de\/wp-json\/wp\/v2\/users\/2"}],"replies":[{"embeddable":true,"href":"https:\/\/www.europesays.com\/de\/wp-json\/wp\/v2\/comments?post=15395"}],"version-history":[{"count":0,"href":"https:\/\/www.europesays.com\/de\/wp-json\/wp\/v2\/posts\/15395\/revisions"}],"wp:featuredmedia":[{"embeddable":true,"href":"https:\/\/www.europesays.com\/de\/wp-json\/wp\/v2\/media\/15396"}],"wp:attachment":[{"href":"https:\/\/www.europesays.com\/de\/wp-json\/wp\/v2\/media?parent=15395"}],"wp:term":[{"taxonomy":"category","embeddable":true,"href":"https:\/\/www.europesays.com\/de\/wp-json\/wp\/v2\/categories?post=15395"},{"taxonomy":"post_tag","embeddable":true,"href":"https:\/\/www.europesays.com\/de\/wp-json\/wp\/v2\/tags?post=15395"}],"curies":[{"name":"wp","href":"https:\/\/api.w.org\/{rel}","templated":true}]}}