{"id":153955,"date":"2025-05-31T11:00:10","date_gmt":"2025-05-31T11:00:10","guid":{"rendered":"https:\/\/www.europesays.com\/de\/153955\/"},"modified":"2025-05-31T11:00:10","modified_gmt":"2025-05-31T11:00:10","slug":"berlin-brandenburg-19-jaehriger-vermisst-polizei-spricht-von-lebensgefahr","status":"publish","type":"post","link":"https:\/\/www.europesays.com\/de\/153955\/","title":{"rendered":"Berlin &#038; Brandenburg: 19-J\u00e4hriger vermisst &#8211; Polizei spricht von Lebensgefahr"},"content":{"rendered":"<p>                    Berlin &amp; Brandenburg<br \/>\n                19-J\u00e4hriger vermisst &#8211; Polizei spricht von Lebensgefahr<\/p>\n<p>\t\t\t\t              31.05.2025, 12:49 Uhr<\/p>\n<p><strong>Es geschieht h\u00e4ufig, dass nach j\u00fcngeren Menschen gesucht wird. Bei einem Fall in Brandenburg an der Havel macht sie Polizei Druck. Es besteht Lebensgefahr.<\/strong><\/p>\n<p>Brandenburg an der Havel (dpa\/bb) &#8211; Seit einigen Tagen wird in Brandenburg an der Havel nach einem 19-J\u00e4hrigen gesucht. Es bestehe &#8222;akute Lebensgefahr&#8220;, sagte ein Sprecher der Polizei. Der Vermisste ben\u00f6tige aufgrund einer Operation dringend Medikamente. Er ist demnach geistig beeintr\u00e4chtigt und auf medizinische Betreuung angewiesen. Bislang blieb die Suche ohne Erfolg, deshalb bittet die Polizei um Mithilfe.<\/p>\n","protected":false},"excerpt":{"rendered":"Berlin &amp; Brandenburg 19-J\u00e4hriger vermisst &#8211; Polizei spricht von Lebensgefahr 31.05.2025, 12:49 Uhr Es geschieht h\u00e4ufig, dass nach&hellip;\n","protected":false},"author":2,"featured_media":153956,"comment_status":"","ping_status":"","sticky":false,"template":"","format":"standard","meta":{"footnotes":""},"categories":[1816],"tags":[1960,1958,1959,1957,296,1956,1890,29,30,5517,121],"class_list":{"0":"post-153955","1":"post","2":"type-post","3":"status-publish","4":"format-standard","5":"has-post-thumbnail","7":"category-brandenburg","8":"tag-aktuelle-nachrichten-aus-berlin-und-brandenburg","9":"tag-aktuelle-nachrichten-aus-brandenburg","10":"tag-aktuelle-news-aus-berlin-und-brandenburg","11":"tag-aktuelle-news-aus-brandenburg","12":"tag-berlin","13":"tag-berlin-und-brandenburg","14":"tag-brandenburg","15":"tag-deutschland","16":"tag-germany","17":"tag-lebensgefahr","18":"tag-polizei"},"share_on_mastodon":{"url":"https:\/\/pubeurope.com\/@de\/114602103532549784","error":""},"_links":{"self":[{"href":"https:\/\/www.europesays.com\/de\/wp-json\/wp\/v2\/posts\/153955","targetHints":{"allow":["GET"]}}],"collection":[{"href":"https:\/\/www.europesays.com\/de\/wp-json\/wp\/v2\/posts"}],"about":[{"href":"https:\/\/www.europesays.com\/de\/wp-json\/wp\/v2\/types\/post"}],"author":[{"embeddable":true,"href":"https:\/\/www.europesays.com\/de\/wp-json\/wp\/v2\/users\/2"}],"replies":[{"embeddable":true,"href":"https:\/\/www.europesays.com\/de\/wp-json\/wp\/v2\/comments?post=153955"}],"version-history":[{"count":0,"href":"https:\/\/www.europesays.com\/de\/wp-json\/wp\/v2\/posts\/153955\/revisions"}],"wp:featuredmedia":[{"embeddable":true,"href":"https:\/\/www.europesays.com\/de\/wp-json\/wp\/v2\/media\/153956"}],"wp:attachment":[{"href":"https:\/\/www.europesays.com\/de\/wp-json\/wp\/v2\/media?parent=153955"}],"wp:term":[{"taxonomy":"category","embeddable":true,"href":"https:\/\/www.europesays.com\/de\/wp-json\/wp\/v2\/categories?post=153955"},{"taxonomy":"post_tag","embeddable":true,"href":"https:\/\/www.europesays.com\/de\/wp-json\/wp\/v2\/tags?post=153955"}],"curies":[{"name":"wp","href":"https:\/\/api.w.org\/{rel}","templated":true}]}}