{"id":153967,"date":"2025-05-31T11:06:15","date_gmt":"2025-05-31T11:06:15","guid":{"rendered":"https:\/\/www.europesays.com\/de\/153967\/"},"modified":"2025-05-31T11:06:15","modified_gmt":"2025-05-31T11:06:15","slug":"nach-verdaechtigem-auftritt-in-cannes-erwischt-serienstar-ist-wieder-verliebt","status":"publish","type":"post","link":"https:\/\/www.europesays.com\/de\/153967\/","title":{"rendered":"Nach verd\u00e4chtigem Auftritt in Cannes: Erwischt! Serienstar ist wieder verliebt"},"content":{"rendered":"<p>Josh O&#8217;Connor<br \/>\n&#8222;The Crown&#8220;-Star soll frisch verliebt sein<\/p>\n<p><img class=\"image image-element__image\"   src=\"https:\/\/www.europesays.com\/de\/wp-content\/uploads\/2025\/05\/josh-o-connor.jpg\" alt=\"Josh O'Connor\" decoding=\"async\" fetchpriority=\"high\" loading=\"eager\"\/><br \/>\n<a href=\"https:\/\/image.gala.de\/24386410\/t\/eE\/v3\/w2048\/r1.5\/-\/josh-o-connor.jpg#ABACA%20%2F%20imago%20images\" class=\"image__magnifier\" aria-label=\"Vergr\u00f6\u00dfern\" rel=\"nofollow noopener\" target=\"_blank\"><\/p>\n<p>\n Josh O&#8217;Connor <\/p>\n<p>\u00a9 ABACA \/ imago images<\/p>\n<p>\nJosh O&#8217;Connor ist offenbar verliebt! Der &#8222;The Crown&#8220;-Star wurde mit einer Frau an seiner Seite fotografiert \u2013 sie ist keine Unbekannte.\n<\/p>\n<p class=\"text-element u-richtext u-typo u-typo--article-text article__text-element text-element--context-article\"> &#8222;The Crown&#8220;-Star <a class=\"\" data-target-type=\"article\" href=\"https:\/\/www.gala.de\/stars\/news\/themen\/josh-o-connor-22353076.html\" rel=\"nofollow noopener\" target=\"_blank\">Josh O&#8217;Connor<\/a>, 35, ist offenbar frisch verliebt. Der Schauspieler, auch bekannt aus &#8222;Challengers&#8220;, wurde diese Woche mit einer Frau an seiner Seite in London entdeckt und fotografiert.<\/p>\n<p>Josh O&#8217;Connor und Alison Oliver knutschend gesichtet<\/p>\n<p class=\"text-element u-richtext u-typo u-typo--article-text article__text-element text-element--context-article\"> Fotos, <a class=\"link--external\" href=\"https:\/\/www.instagram.com\/p\/DKP-gDWJFgb\/?img_index=2\" rel=\"nofollow noopener\" target=\"_blank\">die die Gossip-Seite &#8222;DeuxMoi&#8220; ver\u00f6ffentlicht hat<\/a>, zeigen den &#8222;The Crown&#8220;-Darsteller und seine Herzensdame beim gemeinsamen Spaziergang in der englischen Hauptstadt \u2013 auf einigen Fotos hat er den Arm um sie gelegt, auf einem weiteren k\u00fcssen sich die beiden innig.<\/p>\n<p class=\"text-element u-richtext u-typo u-typo--article-text article__text-element text-element--context-article\"> O&#8217;Connors Partnerin ist keine Unbekannte: Offenbar handelt es sich um die irische Schauspielerin Alison Oliver, 27, unter anderem bekannt aus der Serie &#8222;Conversations with Friends&#8220; (2022) und dem Film &#8222;Saltburn&#8220; (2023).<\/p>\n<p><img class=\"image image-element__image\"   src=\"https:\/\/www.europesays.com\/de\/wp-content\/uploads\/2025\/05\/josh-o-connor-teaser.jpg\" alt=\"Josh O'Connor und Alsion Oliver in Cannes\" decoding=\"async\" fetchpriority=\"auto\" loading=\"lazy\"\/><br \/>\n<a href=\"https:\/\/image.gala.de\/24386408\/t\/kY\/v6\/w2048\/r0\/-\/josh-o-connor-teaser.jpg#Stephane%20Cardinale%20%2F%20Corbis%20%2F%20Getty%20Images\" class=\"image__magnifier\" aria-label=\"Vergr\u00f6\u00dfern\" rel=\"nofollow noopener\" target=\"_blank\"><\/p>\n<p> Josh O&#8217;Connor und Alsion Oliver in Cannes <\/p>\n<p>\u00a9 Stephane Cardinale \/ Corbis \/ Getty Images<\/p>\n<p class=\"text-element u-richtext u-typo u-typo--article-text article__text-element text-element--context-article\"> Bereits vor einigen Tagen hatte es Ger\u00fcchte um eine Beziehung der beiden gegeben, als Alison Oliver bei der Premiere von O&#8217;Connors neuem Film &#8222;The Mastermind&#8220; beim Filmfestival in Cannes zu Gast war. Zwar liefen sie getrennt \u00fcber den roten Teppich, wurden nach dem Filmscreening aber gemeinsam mit seinen Eltern fotografiert \u2013 auch h\u00e4ndchenhaltend.<\/p>\n<p>Alison Oliver und Josh O&#8217;Connor sollen &#8222;sehr viel&#8220; gemeinsam haben<\/p>\n<p class=\"text-element u-richtext u-typo u-typo--article-text article__text-element text-element--context-article\"> Gegen\u00fcber der britischen Zeitung &#8222;The Sun&#8220; sagte ein Insider bereits im November 2024, dass die beiden &#8222;sehr viel gemeinsam&#8220; haben und es genie\u00dfen, sich &#8222;abseits des Rampenlichts kennenzulernen&#8220;. Demnach war Josh O&#8217;Connor im September bereits bei der Hochzeit von Alison Olivers Schwester in London zu Gast.<\/p>\n<p class=\"text-element u-richtext u-typo u-typo--article-text article__text-element text-element--context-article\"> Josh O&#8217;Connor hatte seinen Durchbruch mit dem Drama &#8222;God&#8217;s Own Country&#8220; (2017) und wurde sp\u00e4ter durch seine Darstellung von Charles, dem Prinz von Wales (heute K\u00f6nig Charles, 76) in der Netflix-Serie &#8222;The Crown&#8220; weltber\u00fchmt. Seither war er in verschiedensten Kinoproduktionen zu sehen, darunter in &#8222;Emma&#8220; (2020), &#8222;La chimera&#8220; (2023), &#8222;Lee&#8220; (2023) und &#8222;Challengers&#8220; (2024). In Cannes war der Brite im Rennen um die Goldene Palme mit gleich zwei Filmen vertreten: &#8222;The History of Sound&#8220;, wo er neben Paul Mescal spielt, und &#8222;The Mastermind&#8220;, in dem er neben Alana Haim zu sehen ist.<\/p>\n<p class=\"text-element u-richtext u-typo u-typo--article-text article__text-element text-element--context-article\"> Verwendete Quellen: instagram.com, thesun.co.uk<\/p>\n<p>\nSpotOnNews\n<\/p>\n<p>#Themen<\/p>\n<p><script async src=\"\/\/www.instagram.com\/embed.js\"><\/script><\/p>\n","protected":false},"excerpt":{"rendered":"Josh O&#8217;Connor &#8222;The Crown&#8220;-Star soll frisch verliebt sein Josh O&#8217;Connor \u00a9 ABACA \/ imago images Josh O&#8217;Connor ist&hellip;\n","protected":false},"author":2,"featured_media":153968,"comment_status":"","ping_status":"","sticky":false,"template":"","format":"standard","meta":{"footnotes":""},"categories":[1776],"tags":[1801,29,214,30,1802,215],"class_list":{"0":"post-153967","1":"post","2":"type-post","3":"status-publish","4":"format-standard","5":"has-post-thumbnail","7":"category-prominente","8":"tag-celebrities","9":"tag-deutschland","10":"tag-entertainment","11":"tag-germany","12":"tag-prominente","13":"tag-unterhaltung"},"share_on_mastodon":{"url":"https:\/\/pubeurope.com\/@de\/114602127462755591","error":""},"_links":{"self":[{"href":"https:\/\/www.europesays.com\/de\/wp-json\/wp\/v2\/posts\/153967","targetHints":{"allow":["GET"]}}],"collection":[{"href":"https:\/\/www.europesays.com\/de\/wp-json\/wp\/v2\/posts"}],"about":[{"href":"https:\/\/www.europesays.com\/de\/wp-json\/wp\/v2\/types\/post"}],"author":[{"embeddable":true,"href":"https:\/\/www.europesays.com\/de\/wp-json\/wp\/v2\/users\/2"}],"replies":[{"embeddable":true,"href":"https:\/\/www.europesays.com\/de\/wp-json\/wp\/v2\/comments?post=153967"}],"version-history":[{"count":0,"href":"https:\/\/www.europesays.com\/de\/wp-json\/wp\/v2\/posts\/153967\/revisions"}],"wp:featuredmedia":[{"embeddable":true,"href":"https:\/\/www.europesays.com\/de\/wp-json\/wp\/v2\/media\/153968"}],"wp:attachment":[{"href":"https:\/\/www.europesays.com\/de\/wp-json\/wp\/v2\/media?parent=153967"}],"wp:term":[{"taxonomy":"category","embeddable":true,"href":"https:\/\/www.europesays.com\/de\/wp-json\/wp\/v2\/categories?post=153967"},{"taxonomy":"post_tag","embeddable":true,"href":"https:\/\/www.europesays.com\/de\/wp-json\/wp\/v2\/tags?post=153967"}],"curies":[{"name":"wp","href":"https:\/\/api.w.org\/{rel}","templated":true}]}}