{"id":153971,"date":"2025-05-31T11:08:11","date_gmt":"2025-05-31T11:08:11","guid":{"rendered":"https:\/\/www.europesays.com\/de\/153971\/"},"modified":"2025-05-31T11:08:11","modified_gmt":"2025-05-31T11:08:11","slug":"nach-brand-von-buecherschrank-kleine-kiste-grosse-geste","status":"publish","type":"post","link":"https:\/\/www.europesays.com\/de\/153971\/","title":{"rendered":"Nach Brand von B\u00fccherschrank: kleine Kiste, gro\u00dfe Geste"},"content":{"rendered":"<p class=\"paragraph tw-mx-auto tw-mb-6\">Sie ist deutlich kleiner als der metallene Schrank mit stabiler Glast\u00fcr, hinter dem wettergesch\u00fctzt allerlei B\u00fccher standen. Aber die Geste ist gro\u00df. Eine kleine Kiste steht jetzt an dem Platz, an dem bisher der st\u00e4dtische Schrank zum B\u00fcchertauschen am Bad Waldseer Stadtsee stand. Sie zeigt, der brennende B\u00fccherschrank vor wenigen Tagen hat die Menschen bewegt. Und noch etwas: Die Geste stimmt positiv.<\/p>\n<p class=\"paragraph tw-mx-auto tw-mb-6\">Es ging alles rasend schnell. Die B\u00fccher brannten, die Feuerwehr konnte nur noch die verkohlten Reste l\u00f6schen und die Flammen vom \u00dcbergreifen auf die danebenstehenden Holzb\u00e4nke stoppen. Schnell ging auch der Abbau der \u00dcberbleibsel. Schon am folgenden Tag war nur noch ein \u201eStumpf\u201c im Boden zu sehen. Beeindruckend schnell verlief auch die Suche und das Finden der T\u00e4ter. Aber auch die Menschen reagierten schnell und zeigten durch ihre Reaktionen in den darauffolgenden Tagen vor allem eins: Emp\u00f6rung. Aber auch Hilfsbereitschaft und konstruktive Vorschl\u00e4ge.<\/p>\n<p>Kleine Bananenkiste macht Hoffnung<\/p>\n<p class=\"paragraph tw-mx-auto tw-mb-6\">So auch die kleine Holzkiste, die ein Spender mit einer Botschaft dort hingestellt hat. Die kleine Kiste ist zwar nicht wetterfest, aber sie steht f\u00fcr einen Neustart und ist bereits mit einer guten Mischung an Literatur best\u00fcckt. Ein wenig Krimi, etwas Kulinarik und Tipps f\u00fcrs gesunde Kind. Eine weitere Leseraktion machte deutlich, dass diese Form des Vandalismus nicht nur \u00e4rgerlich ist, sondern f\u00fcr manch einen mehr. Der Leser schrieb: \u201eIch betreue selber einen B\u00fccherschrank und bin sehr betroffen. Wenn es gew\u00fcnscht wird, w\u00fcrde ich den Neuaufbau gerne mit drei Bananenkartons B\u00fcchern aus meinem Fundus unterst\u00fctzen.\u201c<\/p>\n<p class=\"paragraph tw-mx-auto tw-mb-6\">Die Stadt hat bereits mitgeteilt, dass ihr sehr an dem Schrank gelegen sei. Die Bereitschaft und das Interesse in der Bev\u00f6lkerung sind auf jeden Fall da.<\/p>\n","protected":false},"excerpt":{"rendered":"Sie ist deutlich kleiner als der metallene Schrank mit stabiler Glast\u00fcr, hinter dem wettergesch\u00fctzt allerlei B\u00fccher standen. Aber&hellip;\n","protected":false},"author":2,"featured_media":153972,"comment_status":"","ping_status":"","sticky":false,"template":"","format":"standard","meta":{"footnotes":""},"categories":[1774],"tags":[1784,1785,29,214,30,215],"class_list":{"0":"post-153971","1":"post","2":"type-post","3":"status-publish","4":"format-standard","5":"has-post-thumbnail","7":"category-buecher","8":"tag-books","9":"tag-buecher","10":"tag-deutschland","11":"tag-entertainment","12":"tag-germany","13":"tag-unterhaltung"},"share_on_mastodon":{"url":"https:\/\/pubeurope.com\/@de\/114602135301995574","error":""},"_links":{"self":[{"href":"https:\/\/www.europesays.com\/de\/wp-json\/wp\/v2\/posts\/153971","targetHints":{"allow":["GET"]}}],"collection":[{"href":"https:\/\/www.europesays.com\/de\/wp-json\/wp\/v2\/posts"}],"about":[{"href":"https:\/\/www.europesays.com\/de\/wp-json\/wp\/v2\/types\/post"}],"author":[{"embeddable":true,"href":"https:\/\/www.europesays.com\/de\/wp-json\/wp\/v2\/users\/2"}],"replies":[{"embeddable":true,"href":"https:\/\/www.europesays.com\/de\/wp-json\/wp\/v2\/comments?post=153971"}],"version-history":[{"count":0,"href":"https:\/\/www.europesays.com\/de\/wp-json\/wp\/v2\/posts\/153971\/revisions"}],"wp:featuredmedia":[{"embeddable":true,"href":"https:\/\/www.europesays.com\/de\/wp-json\/wp\/v2\/media\/153972"}],"wp:attachment":[{"href":"https:\/\/www.europesays.com\/de\/wp-json\/wp\/v2\/media?parent=153971"}],"wp:term":[{"taxonomy":"category","embeddable":true,"href":"https:\/\/www.europesays.com\/de\/wp-json\/wp\/v2\/categories?post=153971"},{"taxonomy":"post_tag","embeddable":true,"href":"https:\/\/www.europesays.com\/de\/wp-json\/wp\/v2\/tags?post=153971"}],"curies":[{"name":"wp","href":"https:\/\/api.w.org\/{rel}","templated":true}]}}