{"id":154053,"date":"2025-05-31T11:51:10","date_gmt":"2025-05-31T11:51:10","guid":{"rendered":"https:\/\/www.europesays.com\/de\/154053\/"},"modified":"2025-05-31T11:51:10","modified_gmt":"2025-05-31T11:51:10","slug":"bbl-holen-die-telekom-baskets-bonn-michael-kessens-zurueck-sportmix","status":"publish","type":"post","link":"https:\/\/www.europesays.com\/de\/154053\/","title":{"rendered":"BBL: Holen die Telekom Baskets Bonn Michael Kessens zur\u00fcck? | Sportmix"},"content":{"rendered":"<p><b>Vor zwei Jahren gewannen die Telekom Baskets Bonn unter Erfolgstrainer Tuomas Iisalo (42) die Champions League und wurde in Vizemeister der Easycredit <\/b><a href=\"https:\/\/sportbild.bild.de\/sportmix\/basketball\/basketball\/home-44119656.sport.html\" class=\"text-link\" target=\"_blank\" rel=\"noopener\"><b>Basketball<\/b><\/a><b> Bundesliga.<\/b><\/p>\n<p>Iisalo (inzwischen Memphis Grizzlies) wechselte im Anschluss nach Paris und nahm praktisch die komplette Mannschaft mit. Die Erwartungen der Fans sind geblieben \u2013 aber das Team sucht seither nach einer neuen Identit\u00e4t.<\/p>\n<p><b>Die soll nach der Entlassung von Roel Moors (46) im Januar nun der neue Headcoach Marko Stankovic (41) entwickeln. Und setzt dabei offenbar auf einen alten Bekannten &#8230;<\/b><\/p>\n<p>Lesen Sie auch<\/p>\n<p>Laut \u201eBonner Generalanzeiger\u201c kommt Champions-League-Sieger Michael Kessens (34) zur\u00fcck auf den Hardtberg! Der Center war 2023 ebenfalls nach Paris gegangen. Weil er diese Saison in der Euroleague jedoch nur noch eine Nebenrolle spielte, wechselte Kessens im Winter zu Alba Berlin. Doch dort plant man nicht mehr mit dem Routinier.<\/p>\n<p><b>Schon offiziell best\u00e4tigt ist die Verpflichtung von Tylan Birts (28\/USA). Der Fl\u00fcgelspieler (Vertrag bis 2027) wurde gerade mit ERA Nymburk tschechischer Meister und in der Liga zum \u201eVerteidiger des Jahres\u201c gew\u00e4hlt.<\/b><\/p>\n<p>Birts spielte zuvor schon in Finnland und Serbien und soll endlich das schaffen, was schon unter Moors nie funktionierte: den Bonnern eine defensive Identit\u00e4t verleihen. Stankovic: \u201eWir erhoffen uns von ihm, dass er unserem Team mit seiner Mentalit\u00e4t, Verteidigung und F\u00fchrungsqualit\u00e4t Stabilit\u00e4t verschafft.\u201c <\/p>\n<p><img decoding=\"async\" width=\"992\" height=\"84\" alt=\"Teaser-Bild\" src=\"https:\/\/www.europesays.com\/de\/wp-content\/uploads\/2025\/05\/92456ede059868976c43904a247a6601,be17d889\"   class=\"dynamic\" loading=\"lazy\"\/><\/p>\n<p>Foto: BILD<\/p>\n<p>Gesunder Futterer f\u00fcr Vechta<\/p>\n<p>Von Bonn zu Rasta Vechta zieht es Big Man <b>Lars Thiemann<\/b> (25) \u2013 der damit quasi den Posten f\u00fcr Kessens r\u00e4umt. Bei den Niedersachsen geht der 2,11 Meter gro\u00dfe Duisburger in seine dritte Profi-Saison \u2013 von 2019 bis 2024 spielte er auf dem College in den USA und studierte Ern\u00e4hrungswissenschaften.<\/p>\n<p>\u201eLars ist ein Spieler, bei dem wir noch jede Menge Potential sehen\u201c, begr\u00fcndet Sportchef <b>Gerrit Kersten-Thiele<\/b> die Wahl. \u201eBei den Ver\u00e4nderungen, die wir jetzt auf den deutschen Positionen haben, war es uns wichtig, jemanden, der sich noch weiter entwickeln m\u00f6chte, dazu zu holen. Lars wird sich seine Rolle erarbeiten.\u201c<\/p>\n<p>Zweite wichtige Kader-Entscheidung: Vechta hat die Option bei Universalwaffe <b>Lloyd Pandi <\/b>(25) gezogen und den Vertrag mit dem kanadischen Nationalspieler ein Jahr verl\u00e4ngert. Pandi: \u201eZu wissen, dass ich dort spiele, wo ich mich erw\u00fcnscht f\u00fchle, war der Schl\u00fcssel daf\u00fcr, dass ich hier bleibe. Ich habe das Gef\u00fchl, dass ich noch viel mehr zu zeigen habe.\u201c<\/p>\n<p>Bamberg holt Anker zur\u00fcck<\/p>\n<p>Nach einer historisch schlechten Saison (nur Platz 15) brauchen die Bamberg Baskets vor allem eins: ein besseres Team! Erster Neuer im Team von Trainer Anton Gavel ist <b>Daniel Keppeler<\/b> (28). Der Big Man (2,05 Meter) unterschrieb bis 2027 und kommt von Zweitligist Hakro Merlins Crailsheim.<\/p>\n<p>Keppeler stammt aus N\u00fcrnberg und wechselte mit 15 in die Jugendabteilung der Bamberger. Gavel \u00fcber den R\u00fcckkehrer: \u201eSeine defensive Pr\u00e4senz war sicherlich eine Sache, die uns \u00fcberzeugt hat. Er soll unser defensiver Anker sein. Offensiv kann er vielseitig sowohl von au\u00dfen als auch von innen scoren und uns damit helfen.\u201c<\/p>\n<p>Das sieht man selten: Basketball-Dunk geht komplett daneben<a href=\"https:\/\/sportbild.bild.de\/sportmix\/basketball\/das-sieht-man-selten-basketball-dunk-geht-komplett-daneben-6838946c65affa2cddcdf30b\" class=\"anchor\" target=\"_blank\" rel=\"noopener\"><img decoding=\"async\" width=\"992\" height=\"558\" alt=\"Teaser-Bild\" src=\"https:\/\/www.europesays.com\/de\/wp-content\/uploads\/2025\/05\/0fc1a26c647f4ecda8d24b60be7d932a-landscape,10751cdf\"   class=\"landscape teaser__image\" loading=\"lazy\"\/><\/a><\/p>\n<p>Quelle: DYN29.05.2025<\/p>\n<p>Finanz-Schub f\u00fcr Frankfurt?<\/p>\n<p>Die Frankfurt Skyliners machen offenbar Ernst. Laut Liga-Insider Rupert Fabig (\u201eHamburger Abendblatt\u201c) steht der letztj\u00e4hrige Aufsteiger vorm Abschluss eines dicken Sponsoren-Deals, der sie \u201ebudget\u00e4r wohl auf Anhieb in den Kreis der potenziellen Play-off-Kandidaten bef\u00f6rdern\u201c w\u00fcrde!<\/p>\n<p>Laut Fabig haben die Hessen zudem Guard <b>Radii Caisin<\/b> (24) aus Wels\/\u00d6sterreich verpflichtet. Der Deutsche mit russisch-moldauischen Wurzeln gl\u00e4nzte in der \u00d6si-Liga mit 18,8 Punkten, 7,6 Rebounds und 3,1 Assists pro Partie.<\/p>\n","protected":false},"excerpt":{"rendered":"Vor zwei Jahren gewannen die Telekom Baskets Bonn unter Erfolgstrainer Tuomas Iisalo (42) die Champions League und wurde&hellip;\n","protected":false},"author":2,"featured_media":154054,"comment_status":"","ping_status":"","sticky":false,"template":"","format":"standard","meta":{"footnotes":""},"categories":[1842],"tags":[16204,2493,2472,1741,54435,3364,29,5841,30,1209,5847,11254,16995,542,45],"class_list":{"0":"post-154053","1":"post","2":"type-post","3":"status-publish","4":"format-standard","5":"has-post-thumbnail","7":"category-bonn","8":"tag-telekom-baskets-bonn","9":"tag-basketball","10":"tag-bbl","11":"tag-bonn","12":"tag-brose-baskets-bamberg","13":"tag-de","14":"tag-deutschland","15":"tag-dyn-basketball","16":"tag-germany","17":"tag-nordrhein-westfalen","18":"tag-sc-rasta-vechta","19":"tag-schmitt-ralf","20":"tag-skyliners-frankfurt","21":"tag-sport-leuchtturm-hamburg","22":"tag-texttospeech"},"share_on_mastodon":{"url":"https:\/\/pubeurope.com\/@de\/114602304084759683","error":""},"_links":{"self":[{"href":"https:\/\/www.europesays.com\/de\/wp-json\/wp\/v2\/posts\/154053","targetHints":{"allow":["GET"]}}],"collection":[{"href":"https:\/\/www.europesays.com\/de\/wp-json\/wp\/v2\/posts"}],"about":[{"href":"https:\/\/www.europesays.com\/de\/wp-json\/wp\/v2\/types\/post"}],"author":[{"embeddable":true,"href":"https:\/\/www.europesays.com\/de\/wp-json\/wp\/v2\/users\/2"}],"replies":[{"embeddable":true,"href":"https:\/\/www.europesays.com\/de\/wp-json\/wp\/v2\/comments?post=154053"}],"version-history":[{"count":0,"href":"https:\/\/www.europesays.com\/de\/wp-json\/wp\/v2\/posts\/154053\/revisions"}],"wp:featuredmedia":[{"embeddable":true,"href":"https:\/\/www.europesays.com\/de\/wp-json\/wp\/v2\/media\/154054"}],"wp:attachment":[{"href":"https:\/\/www.europesays.com\/de\/wp-json\/wp\/v2\/media?parent=154053"}],"wp:term":[{"taxonomy":"category","embeddable":true,"href":"https:\/\/www.europesays.com\/de\/wp-json\/wp\/v2\/categories?post=154053"},{"taxonomy":"post_tag","embeddable":true,"href":"https:\/\/www.europesays.com\/de\/wp-json\/wp\/v2\/tags?post=154053"}],"curies":[{"name":"wp","href":"https:\/\/api.w.org\/{rel}","templated":true}]}}