{"id":154088,"date":"2025-05-31T12:09:11","date_gmt":"2025-05-31T12:09:11","guid":{"rendered":"https:\/\/www.europesays.com\/de\/154088\/"},"modified":"2025-05-31T12:09:11","modified_gmt":"2025-05-31T12:09:11","slug":"fortuna-duesseldorf-isak-johannesson-sorgt-fuer-transfer-horror-sport","status":"publish","type":"post","link":"https:\/\/www.europesays.com\/de\/154088\/","title":{"rendered":"Fortuna D\u00fcsseldorf: Isak Johannesson sorgt f\u00fcr Transfer-Horror | Sport"},"content":{"rendered":"<p><b>Fans von <\/b><a href=\"https:\/\/www.bild.de\/sport\/fussball\/fortuna-duesseldorf\/startseite-fortuna-duesseldorf-31148850.bild.html\" class=\"text-link\" target=\"_blank\" rel=\"noopener\"><b>Fortuna D\u00fcsseldorf<\/b><\/a><b> m\u00fcssen jetzt gaaaaaaanz stark sein&#8230;<\/b><\/p>\n<p>Bis heute (31. Mai) um 23.59 Uhr sind die Ausstiegsklauseln von Jamil Siebert (23) und Isak Johannesson (22) noch g\u00fcltig &#8211; und BILD erfuhr: Einer von ihnen wird sie ziehen. Doch nicht nur das d\u00fcrfte in D\u00fcsseldorf f\u00fcr Trauer sorgen, der neue Klub des Spielers wird f\u00fcr extrem viel Wirbel sorgen.<\/p>\n<p>Transfer-Horror f\u00fcr alle Fortuna Fans!<\/p>\n<p><b>Nach exklusiven BILD-Informationen wird Johannesson den Verein aller Voraussicht nach f\u00fcr 5,5 Millionen Euro verlassen (es fehlt noch das Schriftliche) und am Sonntag den Medizincheck bei seinem neuen Klub machen. Und das ist der 1. FC K\u00f6ln.<\/b><\/p>\n<p>Lesen Sie auch<\/p>\n<p>Dem Erzrivalen des Vereins, dessen Wappen Island-Isak noch vor ein paar Monaten gek\u00fcsst hat und dem er immer wieder geschworen hat, dass er an das Projekt glaube. Doch zwei Wochen nach dem verpassten Aufstieg betritt Johannesson f\u00fcr viele Fortuna-Fans Feindesland &#8211; dabei hat er sich in den letzten Monaten zu einem ihrer gr\u00f6\u00dften Lieblinge entwickelt.<\/p>\n<p><b>Der Abschied kommt nicht ganz \u00fcberraschend. Island-Isak hatte nach dem letzten Saisonspiel in Magdeburg erstmals angedeutet, dass eine Ver\u00e4nderung f\u00fcr ihn infrage kommt. \u201eIch liebe diesen Verein, aber man wei\u00df nie, was morgen kommt. Ich wei\u00df nicht, ob das mein letztes Spiel f\u00fcr Fortuna war. Es ist meine Entscheidung, aber wir alle wissen, wie es im Fu\u00dfball l\u00e4uft. Man will immer das n\u00e4chste Level erreichen.\u201c<\/b><\/p>\n<p>Nicht blind genug? : Goldheldin wird vom Para-Sport verbannt<a href=\"https:\/\/www.bild.de\/news\/ausland\/nicht-blind-genug-gold-heldin-wird-vom-para-sport-verbannt-6832e9756f5de97abdf9f490\" class=\"anchor\" target=\"_blank\" rel=\"noopener\"><img decoding=\"async\" width=\"992\" height=\"558\" alt=\"Teaser-Bild\" src=\"https:\/\/www.europesays.com\/de\/wp-content\/uploads\/2025\/05\/f25a0d4a2c92123e2b310a701a6346d0,5a237930\"   class=\"landscape teaser__image\" loading=\"lazy\"\/><\/a><\/p>\n<p>Quelle: IG@hajiyeva_sahana25.05.2025<\/p>\n<p>Das hat Johannesson jetzt erreicht, nachdem K\u00f6ln mit Ex-Fortuna-Coach Friedhelm Funkel (71) den Aufstieg gepackt hat. Wer sein neuer Trainer wird, ist noch offen, vieles deutet aber auf Lukas Kwasniok (43) hin, der wie K\u00f6ln in der letzten Saison genauer Beobachter der starken Isak-Leistungen (11 Tore, 6 Assists) war. Nach BILD-Informationen wurde D\u00fcsseldorf am Freitag von den Beratern vorgewarnt, am Samstag meldete sich das K\u00f6ln.<\/p>\n<p><b>Johannesson verl\u00e4sst Fortuna und wird vor allem mit der Entscheidung f\u00fcr seinen neuen Klub f\u00fcr gro\u00dfen Schmerz sorgen. F\u00fcr D\u00fcsseldorf ist aber das Wichtigste, dass Klaus Allofs (68), der einst wie nun Island-Isak von Fortuna nach K\u00f6ln wechselte, und Christian Weber (41) nun einen Ersatz f\u00fcr den Mittelfeld-Star holen m\u00fcssen und mit den 5,5 Mio. Euro noch mehr M\u00f6glichkeiten haben, eine Aufstiegs-Truppe zu bauen.<\/b><\/p>\n<p>Lesen Sie auch<\/p>\n<p>Daran, dass dieser Transfer richtig wehtut, wird das aber kaum etwas \u00e4ndern&#8230;<\/p>\n","protected":false},"excerpt":{"rendered":"Fans von Fortuna D\u00fcsseldorf m\u00fcssen jetzt gaaaaaaanz stark sein&#8230; Bis heute (31. Mai) um 23.59 Uhr sind die&hellip;\n","protected":false},"author":2,"featured_media":130378,"comment_status":"","ping_status":"","sticky":false,"template":"","format":"standard","meta":{"footnotes":""},"categories":[1831],"tags":[623,24953,3364,29,3405,538,3132,30,7762,1209,785,819,45,784],"class_list":{"0":"post-154088","1":"post","2":"type-post","3":"status-publish","4":"format-standard","5":"has-post-thumbnail","7":"category-duesseldorf","8":"tag-1-fc-koeln","9":"tag-allofs-klaus","10":"tag-de","11":"tag-deutschland","12":"tag-duesseldorf","13":"tag-erste-bundesliga","14":"tag-fortuna-duesseldorf","15":"tag-germany","16":"tag-hochrainer-sebastian","17":"tag-nordrhein-westfalen","18":"tag-saison-2024-2025","19":"tag-sport-leuchtturm-essen","20":"tag-texttospeech","21":"tag-zweite-bundesliga"},"share_on_mastodon":{"url":"https:\/\/pubeurope.com\/@de\/114602375222279380","error":""},"_links":{"self":[{"href":"https:\/\/www.europesays.com\/de\/wp-json\/wp\/v2\/posts\/154088","targetHints":{"allow":["GET"]}}],"collection":[{"href":"https:\/\/www.europesays.com\/de\/wp-json\/wp\/v2\/posts"}],"about":[{"href":"https:\/\/www.europesays.com\/de\/wp-json\/wp\/v2\/types\/post"}],"author":[{"embeddable":true,"href":"https:\/\/www.europesays.com\/de\/wp-json\/wp\/v2\/users\/2"}],"replies":[{"embeddable":true,"href":"https:\/\/www.europesays.com\/de\/wp-json\/wp\/v2\/comments?post=154088"}],"version-history":[{"count":0,"href":"https:\/\/www.europesays.com\/de\/wp-json\/wp\/v2\/posts\/154088\/revisions"}],"wp:featuredmedia":[{"embeddable":true,"href":"https:\/\/www.europesays.com\/de\/wp-json\/wp\/v2\/media\/130378"}],"wp:attachment":[{"href":"https:\/\/www.europesays.com\/de\/wp-json\/wp\/v2\/media?parent=154088"}],"wp:term":[{"taxonomy":"category","embeddable":true,"href":"https:\/\/www.europesays.com\/de\/wp-json\/wp\/v2\/categories?post=154088"},{"taxonomy":"post_tag","embeddable":true,"href":"https:\/\/www.europesays.com\/de\/wp-json\/wp\/v2\/tags?post=154088"}],"curies":[{"name":"wp","href":"https:\/\/api.w.org\/{rel}","templated":true}]}}