{"id":154214,"date":"2025-05-31T13:18:56","date_gmt":"2025-05-31T13:18:56","guid":{"rendered":"https:\/\/www.europesays.com\/de\/154214\/"},"modified":"2025-05-31T13:18:56","modified_gmt":"2025-05-31T13:18:56","slug":"nach-zwoelf-jahren-maschseemoerder-wieder-auf-freiem-fuss-ndr-de-nachrichten-niedersachsen","status":"publish","type":"post","link":"https:\/\/www.europesays.com\/de\/154214\/","title":{"rendered":"Nach zw\u00f6lf Jahren: &#8222;Maschseem\u00f6rder&#8220; wieder auf freiem Fu\u00df | NDR.de &#8211; Nachrichten &#8211; Niedersachsen"},"content":{"rendered":"<p>\nStand: 30.05.2025 11:10 Uhr\n<\/p>\n<p class=\"preface\">Der wegen Mordes verurteilte Alexander K. ist schon vor dem Ende seiner Strafzeit aus der Haft entlassen worden. Das teilte die Staatsanwaltschaft Hannover mit. Eigentlich sollte der 37-J\u00e4hrige erst am Samstag freikommen.<\/p>\n<p>Zw\u00f6lf Jahre nach dem Mord an einer Gelegenheitsprostituierten in Hannover ist der verurteilte T\u00e4ter Alexander K. aus dem Gef\u00e4ngnis entlassen worden. Die Staatsanwaltschaft Hannover best\u00e4tigte auf Nachfrage des NDR Niedersachsen am Freitag, dass K. bereits vor dem eigentlichen Strafzeitende am 30. Mai aus der JVA Sehnde (Region Hannover) entlassen wurde. Demnach habe die Ber\u00fccksichtigung von Freistellungstagen zu der vorzeitigen Entlassung gef\u00fchrt. &#8222;Nach dem Nieders\u00e4chsischen Justizvollzugsgesetz k\u00f6nnen Strafgefangenen w\u00e4hrend der Dauer des Vollzugs unter bestimmten Voraussetzungen Freistellungstage zustehen, die auf das Strafzeitende anzurechnen sind&#8220;, sagte Sprecherin Kathrin S\u00f6fker dem NDR Niedersachsen. Dies\u00a0k\u00f6nne dazu f\u00fchren, dass Gefangene schon vor der Verb\u00fc\u00dfung ihrer Strafe aus der Haft entlassen werden.<\/p>\n<p>Alexander K. in TikTok-Videos in Freiheit zu sehen<\/p>\n<p>Die Anrechnung falle laut S\u00f6fker in die Zust\u00e4ndigkeit des Justizvollzugs und werde von der jeweils zust\u00e4ndigen Justizvollzugsanstalt vorgenommen. Weitere Ausk\u00fcnfte k\u00f6nnten nicht erteilt werden, so die Sprecherin. Als erstes hatte die &#8222;<a href=\"https:\/\/www.ndr.de\/nachrichten\/niedersachsen\/hannover_weser-leinegebiet\/textlink106468-splash.html\" title=\"Link: \u201eMaschseem\u00f6rder\u201c Alexander K. kommt frei: Gericht ordnet F\u00fchrungsaufsicht an\" rel=\"noopener\" class=\"showSplashPage\" target=\"_blank\">Hannoversche Allgemeine Zeitung<\/a>&#8220; \u00fcber K.s anstehende Entlassung berichtet. Am Mittwoch teilten die Betreiber des Podcasts &#8222;Mord auf Ex&#8220; auf ihrem <a href=\"https:\/\/www.ndr.de\/nachrichten\/niedersachsen\/hannover_weser-leinegebiet\/textlink106528-splash.html\" title=\"Link: Instagram-Kanal - Mord auf Ex\" rel=\"noopener\" class=\"showSplashPage\" target=\"_blank\">Instagram-Kanal<\/a> mit, dass sich K. bereits auf dem Weg nach Hannover befinde. Demnach poste der sogenannte Maschseem\u00f6rder auf der Plattform TikTok Videos, auf denen er in Freiheit zu sehen sei.<\/p>\n<p>Nach Entlassung f\u00fcnf Jahre unter Aufsicht<\/p>\n<p>Nach Beh\u00f6rdenangaben wird Alexander K. nach seiner Entlassung f\u00fcr f\u00fcnf Jahre unter F\u00fchrungsaufsicht gestellt. Das bedeutet, dass er von Fachleuten engmaschig begleitet und unterst\u00fctzt werde, etwa bei der Suche nach einer Wohnung oder Arbeitsstelle. Gleichzeitig werde er weiter beh\u00f6rdlich beobachtet und kontrolliert. Denkbar seien demnach etwa regelm\u00e4\u00dfige Drogentests, so die Beh\u00f6rden. Wie die F\u00fchrungsaufsicht konkret aussehen wird, ist derzeit noch unklar. Die Justizbeh\u00f6rden wollten sich auf Nachfrage des NDR Niedersachsen nicht \u00e4u\u00dfern und verwiesen auf den Schutz von Alexander K.s Pers\u00f6nlichkeitsrechten und seiner Resozialisierung.<\/p>\n<p>Opfer ermordet, zerst\u00fcckelt und in Maschsee geworfen<\/p>\n<p>Weitere Informationen<\/p>\n<p><img decoding=\"async\" src=\"https:\/\/www.europesays.com\/de\/wp-content\/uploads\/2025\/05\/maschsee485_v-contentgross.jpg\" alt=\"Ein Angeklagter im Gerichtssaal; im Vordergrund ist die Aufschrift &quot;Justiz&quot; auf dem Hemd eines Beamten zu sehen. \u00a9 dpa Foto: Julian Stratenschulte\" title=\"Ein Angeklagter im Gerichtssaal; im Vordergrund ist die Aufschrift &quot;Justiz&quot; auf dem Hemd eines Beamten zu sehen.\" class=\"responsive\"\/><\/p>\n<p>\nZu zw\u00f6lf Jahren Haft hat das Landgericht Hannover den M\u00f6rder einer Frau verurteilt, deren zerst\u00fcckelte Leiche im Maschsee gefunden wurde. Der 25-J\u00e4hrige muss in die Psychiatrie. (23.10.2013)<br \/>\n<a title=\"Zum Artikel: Zw\u00f6lf Jahre Haft f\u00fcr &quot;Maschsee-M\u00f6rder&quot;\" href=\"https:\/\/www.ndr.de\/nachrichten\/niedersachsen\/hannover_weser-leinegebiet\/Zwoelf-Jahre-Haft-fuer-Maschsee-Moerder,maschsee477.html\" class=\"cta \" target=\"_blank\" rel=\"noopener\">mehr<\/a>\n<\/p>\n<p>Alexander K. war im Jahr 2013 vom Landgericht Hannover nach einem Indizienprozess wegen Mordes an der damals 44-j\u00e4hrigen Andrea B. zu zw\u00f6lf Jahren Haft <a href=\"https:\/\/www.ndr.de\/nachrichten\/niedersachsen\/hannover_weser-leinegebiet\/Zwoelf-Jahre-Haft-fuer-Maschsee-Moerder,maschsee477.html\" title=\"Zum Artikel: Zw\u00f6lf Jahre Haft f\u00fcr &quot;Maschsee-M\u00f6rder&quot;\" target=\"_blank\" rel=\"noopener\">verurteilt worden<\/a>. Das Gericht sah es als erwiesen an, dass K. das Opfer in seiner Wohnung ermordet, zerst\u00fcckelt und dann in den Maschsee geworfen hatte. Ein Spazierg\u00e4nger entdeckte sp\u00e4ter den Torso des Opfers am Nordufer des Sees. Die Richter stuften den damals 25-J\u00e4hrigen aufgrund seiner schweren Pers\u00f6nlichkeitsst\u00f6rung sowie wegen seines Alkohol- und Drogenmissbrauchs als erheblich vermindert schuldf\u00e4hig ein und ordneten eine Unterbringung in einer Psychiatrie an.<\/p>\n<p>T\u00e4ter laut Beh\u00f6rden nicht mehr psychisch krank<\/p>\n<p>F\u00fcr den Fall, dass Alexander K. vor dem Ende der zw\u00f6lfj\u00e4hrigen Haftzeit f\u00fcr geheilt erkl\u00e4rt w\u00fcrde, sollte er laut dem Gerichtsurteil in ein Gef\u00e4ngnis verlegt werden. Im Sommer 2021 entlie\u00dfen die Beh\u00f6rden K. aus dem Ma\u00dfregelvollzug in Moringen, da bei dem M\u00f6rder im Sinne des Strafrechts keine psychiatrische St\u00f6rung mehr diagnostiziert werden k\u00f6nne, wie es damals hie\u00df. Auch seine Drogensucht habe demnach therapiert werden k\u00f6nnen. Seitdem sitzt Alexander K. in der JVA Sehnde seine restliche Strafe ab.<\/p>\n<p>Angeh\u00f6rige entsetzt, Fachleute unsicher<\/p>\n<p>Angeh\u00f6rige der Ermordeten zeigten sich angesichts seiner anstehenden Entlassung entsetzt. Der Sohn der Frau sagte in dem Podcast &#8222;<a href=\"https:\/\/www.ndr.de\/nachrichten\/niedersachsen\/hannover_weser-leinegebiet\/textlink106470-splash.html\" title=\"Link: Mord auf Ex: Die Frau im Maschsee\" rel=\"noopener\" class=\"showSplashPage\" target=\"_blank\">Mord auf Ex<\/a>&#8222;, er sei sich sicher, dass Alexander K. wieder morden werde. Davon sei er zu 100 Prozent \u00fcberzeugt. Fachleute, wie der Kriminologe und ehemalige nieders\u00e4chsische Justizminister Christian Pfeiffer reagieren auf diese Frage, ob von K. noch eine Gefahr ausgeht, zur\u00fcckhaltend. Es sei demnach unklar, wie er heute zu der Tat steht und ob er sie bereut oder immer noch Gewaltfantasien hat, sagte Pfeiffer dem NDR Niedersachsen. Aus seiner Sicht k\u00f6nne Alexander K. weiterhin ein gef\u00e4hrlicher Mensch sein &#8211; es sei v\u00f6llig offen, ob seine Therapie tats\u00e4chlich erfolgreich war. Trotzdem gebe es keinen Grund, &#8222;Alarm&#8220; zu schreien, da der Staat ihn ja zun\u00e4chst weiter im Blick behalte, so Pfeiffer.<\/p>\n<p>Weitere Informationen<\/p>\n<p><img decoding=\"async\" src=\"https:\/\/www.europesays.com\/de\/wp-content\/uploads\/2025\/05\/maschsee485_v-contentgross.jpg\" alt=\"Ein Angeklagter im Gerichtssaal; im Vordergrund ist die Aufschrift &quot;Justiz&quot; auf dem Hemd eines Beamten zu sehen. \u00a9 dpa Foto: Julian Stratenschulte\" title=\"Ein Angeklagter im Gerichtssaal; im Vordergrund ist die Aufschrift &quot;Justiz&quot; auf dem Hemd eines Beamten zu sehen.\" class=\"responsive\"\/><\/p>\n<p>\nZu zw\u00f6lf Jahren Haft hat das Landgericht Hannover den M\u00f6rder einer Frau verurteilt, deren zerst\u00fcckelte Leiche im Maschsee gefunden wurde. Der 25-J\u00e4hrige muss in die Psychiatrie. (23.10.2013)<br \/>\n<a title=\"Zum Artikel: Zw\u00f6lf Jahre Haft f\u00fcr &quot;Maschsee-M\u00f6rder&quot;\" href=\"https:\/\/www.ndr.de\/nachrichten\/niedersachsen\/hannover_weser-leinegebiet\/Zwoelf-Jahre-Haft-fuer-Maschsee-Moerder,maschsee477.html\" class=\"cta \" target=\"_blank\" rel=\"noopener\">mehr<\/a>\n<\/p>\n<p>Dieses Thema im Programm:<\/p>\n<p>NDR 1 Niedersachsen |<br \/>\nAktuell |<br \/>\n27.05.2025 | 06:00 Uhr<\/p>\n<p><img decoding=\"async\" src=\"https:\/\/www.europesays.com\/de\/wp-content\/uploads\/2025\/03\/ndr_printlogo.gif\" alt=\"NDR Logo\" title=\"NDR Logo\"\/><\/p>\n","protected":false},"excerpt":{"rendered":"Stand: 30.05.2025 11:10 Uhr Der wegen Mordes verurteilte Alexander K. ist schon vor dem Ende seiner Strafzeit aus&hellip;\n","protected":false},"author":2,"featured_media":144934,"comment_status":"","ping_status":"","sticky":false,"template":"","format":"standard","meta":{"footnotes":""},"categories":[1836],"tags":[52256,51318,3364,29,6438,3647,30,46,52255,2183,1411,47141,11202],"class_list":{"0":"post-154214","1":"post","2":"type-post","3":"status-publish","4":"format-standard","5":"has-post-thumbnail","7":"category-hannover","8":"tag-alexander-k","9":"tag-andrea-b","10":"tag-de","11":"tag-deutschland","12":"tag-entlassung","13":"tag-gefaengnis","14":"tag-germany","15":"tag-hannover","16":"tag-maschseemoerder","17":"tag-mord","18":"tag-niedersachsen","19":"tag-prostituierte","20":"tag-psychiatrie"},"share_on_mastodon":{"url":"https:\/\/pubeurope.com\/@de\/114602650261013271","error":""},"_links":{"self":[{"href":"https:\/\/www.europesays.com\/de\/wp-json\/wp\/v2\/posts\/154214","targetHints":{"allow":["GET"]}}],"collection":[{"href":"https:\/\/www.europesays.com\/de\/wp-json\/wp\/v2\/posts"}],"about":[{"href":"https:\/\/www.europesays.com\/de\/wp-json\/wp\/v2\/types\/post"}],"author":[{"embeddable":true,"href":"https:\/\/www.europesays.com\/de\/wp-json\/wp\/v2\/users\/2"}],"replies":[{"embeddable":true,"href":"https:\/\/www.europesays.com\/de\/wp-json\/wp\/v2\/comments?post=154214"}],"version-history":[{"count":0,"href":"https:\/\/www.europesays.com\/de\/wp-json\/wp\/v2\/posts\/154214\/revisions"}],"wp:featuredmedia":[{"embeddable":true,"href":"https:\/\/www.europesays.com\/de\/wp-json\/wp\/v2\/media\/144934"}],"wp:attachment":[{"href":"https:\/\/www.europesays.com\/de\/wp-json\/wp\/v2\/media?parent=154214"}],"wp:term":[{"taxonomy":"category","embeddable":true,"href":"https:\/\/www.europesays.com\/de\/wp-json\/wp\/v2\/categories?post=154214"},{"taxonomy":"post_tag","embeddable":true,"href":"https:\/\/www.europesays.com\/de\/wp-json\/wp\/v2\/tags?post=154214"}],"curies":[{"name":"wp","href":"https:\/\/api.w.org\/{rel}","templated":true}]}}