{"id":154215,"date":"2025-05-31T13:19:11","date_gmt":"2025-05-31T13:19:11","guid":{"rendered":"https:\/\/www.europesays.com\/de\/154215\/"},"modified":"2025-05-31T13:19:11","modified_gmt":"2025-05-31T13:19:11","slug":"ausgezeichnet-pressesprecher-michael-klahre-ist-dresdens-mister-feuerwehr","status":"publish","type":"post","link":"https:\/\/www.europesays.com\/de\/154215\/","title":{"rendered":"Ausgezeichnet: Pressesprecher Michael Klahre ist Dresdens &#8222;Mister Feuerwehr&#8220;"},"content":{"rendered":"<p class=\"text\">\n&#8222;Es ist ein tolles Gef\u00fchl, diese Wertsch\u00e4tzung zu erfahren. Besonders viel bedeutet mir, dass die Auszeichnung von denen kommt, f\u00fcr die ich das mache: F\u00fcr die Medienvertreterinnen und Medienvertreter. Dadurch f\u00fchlt sich das ein bisschen so an wie ein Publikumspreis&#8220;, sagt Klahre MDR SACHSEN. &#8222;Und letztendlich ist das f\u00fcr mich das Zeichen, war das, was wir uns aufgebaut haben und die Art und Weise, wie wir kommunizieren passt und funktioniert.&#8220;\n<\/p>\n<blockquote>\n<p class=\"text\">Das, was wir hier machen, ist keine One-Man-Show. Ich bin zwar oft vor der Kamera, aber ich bin in der gl\u00fccklichen Lage, ein fantastisches Team zu haben.<\/p>\n<p>Michael Klahre<br \/>\nPressesprecher Feuerwehr Dresden<\/p>\n<\/blockquote>\n<p class=\"text\">\nDabei ist ihm wichtig: &#8222;Das, was wir hier machen, ist keine One-Man-Show. Alles, was wir hier leisten und was auch an der Carolabr\u00fccke geleistet wurde, das ist nicht alleine mein Verdienst.&#8220;, sagt Klahre und betont auch die gute Zusammenarbeit mit dem Presseamt der Stadt Dresden sowie mit den Kameradinnen und Kameraden im Einsatz.\n<\/p>\n<p>Feuerwehr von der Pike auf gelernt<\/p>\n<p class=\"text\">\nAls Kind war Klahre vor der Wende bei der Arbeitsgemeinschaft &#8222;Junge Brandschutzhelfer&#8220;. Dann ging&#8217;s zur Jugendfeuerwehr und als er alt genug war, trat er in die ehrenamtlich in die Freiwillige Feuerwehr ein. Klahre hat nach seinem Realschulabschluss zun\u00e4chst Energieelektroniker gelernt. 2006 hat sich ein Kindheitstraum von ihm erf\u00fcllt: Er wurde hauptberuflicher Feuerwehrmann.\n<\/p>\n<p class=\"text\">\nSchon sein Vater war fast sein ganzes Leben lang bei der Dresdner Berufsfeuerwehr. Klahre schlug die Laufbahn zum mittleren feuerwehrtechnischen Dienst ein: Erst absolvierte er zwei Jahre lang die Grundausbildung, war danach bei den H\u00f6henrettern und im Anschluss hat er sich zum Rettungsassistenten weiterqualifiziert. Er wurde Disponent einer Leitstelle, &#8222;um auch mal den Pespektivwechsel zu wagen und auf der anderen Seite der Medaille zu sein, n\u00e4mlich dort, wo die Notrufe eingehen.&#8220;\n<\/p>\n<p class=\"text\">\nDas umfassende Bild, dass er durch diese Stationen von der Feuerwehr bekommen hat, hilft dem heute 45-J\u00e4hrigen bei seiner Arbeit als Pressesprecher.\n<\/p>\n<p><a name=\"Privatmensch\">Der <\/a>Privatmensch Michael Klahre<\/p>\n<p class=\"text\">\nSein Privatleben versucht Michael Klahre weitgehend aus der \u00d6ffentlichkeit herauszuhalten. Auch die <a href=\"https:\/\/www.instagram.com\/michaelklahre\/\" title=\"Klahre Insta-Account\" data-ctrl-link=\"{&#039;id&#039;: &#039;5bacd61d-6d8c-4cb9-93b0-636a76456d4d&#039;,&#039;type&#039;:&#039;external&#039;,&#039;window&#039;:{&#039;type&#039;:&#039;empty&#039;,&#039;config&#039;:{&#039;title&#039;:&#039;Klahre Insta-Account&#039;,&#039;top&#039;:&#039;0&#039;,&#039;left&#039;:&#039;0&#039;,&#039;width&#039;:&#039;0&#039;,&#039;height&#039;:&#039;0&#039;,&#039;status&#039;:&#039;0&#039;,&#039;menubar&#039;:&#039;0&#039;,&#039;location&#039;:&#039;0&#039;,&#039;scroll&#039;:&#039;0&#039;,&#039;toolbar&#039;:&#039;0&#039;,&#039;resizable&#039;:&#039;0&#039;}}}\" target=\"_blank\" rel=\"noopener\">privat anmutenden Beitr\u00e4ge auf seinem pers\u00f6nlichen Social Media Account<\/a> haben in der Regel einen beruflichen Bezug. Nur soviel verr\u00e4t er: &#8222;Ohne die Unterst\u00fctzung meiner Familie, w\u00e4re das alles so nicht m\u00f6glich&#8220; &#8211; denn die muss nicht nur oft w\u00e4hrend seines Dienstes auf ihn verzichten, sondern auch, wenn er die Zeit findet, seinem Hobby nachzugehen.\n<\/p>\n<p class=\"text\">\nWenn alle Kameras und Mikrofone ausgeschaltet sind und auch das Diensthandy Pause hat, zieht er sich gern mit L\u00f6tkolben, Kupferdraht und Mikro-Fr\u00e4se zur\u00fcck. Michael Klahre ist leidenschaftlicher Modellbauer &#8211; f\u00fcr, wie sollte es anders sein: L\u00f6schfahrzeuge.\n<\/p>\n<p><script async src=\"\/\/www.instagram.com\/embed.js\"><\/script><\/p>\n","protected":false},"excerpt":{"rendered":"&#8222;Es ist ein tolles Gef\u00fchl, diese Wertsch\u00e4tzung zu erfahren. Besonders viel bedeutet mir, dass die Auszeichnung von denen&hellip;\n","protected":false},"author":2,"featured_media":154216,"comment_status":"","ping_status":"","sticky":false,"template":"","format":"standard","meta":{"footnotes":""},"categories":[1835],"tags":[3681,3364,29,2386,985,30,54473,3930,81,14,34598,178,54472,859],"class_list":{"0":"post-154215","1":"post","2":"type-post","3":"status-publish","4":"format-standard","5":"has-post-thumbnail","7":"category-dresden","8":"tag-auszeichnung","9":"tag-de","10":"tag-deutschland","11":"tag-dresden","12":"tag-feuerwehr","13":"tag-germany","14":"tag-klahre","15":"tag-kommunikation","16":"tag-mdr","17":"tag-nachrichten","18":"tag-portrait","19":"tag-presse","20":"tag-pressesprecher","21":"tag-sachsen"},"share_on_mastodon":{"url":"https:\/\/pubeurope.com\/@de\/114602650344232150","error":""},"_links":{"self":[{"href":"https:\/\/www.europesays.com\/de\/wp-json\/wp\/v2\/posts\/154215","targetHints":{"allow":["GET"]}}],"collection":[{"href":"https:\/\/www.europesays.com\/de\/wp-json\/wp\/v2\/posts"}],"about":[{"href":"https:\/\/www.europesays.com\/de\/wp-json\/wp\/v2\/types\/post"}],"author":[{"embeddable":true,"href":"https:\/\/www.europesays.com\/de\/wp-json\/wp\/v2\/users\/2"}],"replies":[{"embeddable":true,"href":"https:\/\/www.europesays.com\/de\/wp-json\/wp\/v2\/comments?post=154215"}],"version-history":[{"count":0,"href":"https:\/\/www.europesays.com\/de\/wp-json\/wp\/v2\/posts\/154215\/revisions"}],"wp:featuredmedia":[{"embeddable":true,"href":"https:\/\/www.europesays.com\/de\/wp-json\/wp\/v2\/media\/154216"}],"wp:attachment":[{"href":"https:\/\/www.europesays.com\/de\/wp-json\/wp\/v2\/media?parent=154215"}],"wp:term":[{"taxonomy":"category","embeddable":true,"href":"https:\/\/www.europesays.com\/de\/wp-json\/wp\/v2\/categories?post=154215"},{"taxonomy":"post_tag","embeddable":true,"href":"https:\/\/www.europesays.com\/de\/wp-json\/wp\/v2\/tags?post=154215"}],"curies":[{"name":"wp","href":"https:\/\/api.w.org\/{rel}","templated":true}]}}