{"id":154250,"date":"2025-05-31T13:37:11","date_gmt":"2025-05-31T13:37:11","guid":{"rendered":"https:\/\/www.europesays.com\/de\/154250\/"},"modified":"2025-05-31T13:37:11","modified_gmt":"2025-05-31T13:37:11","slug":"linkin-park-2026-live-in-muenchen-infos-zu-tickets-setlist-und-anfahrt","status":"publish","type":"post","link":"https:\/\/www.europesays.com\/de\/154250\/","title":{"rendered":"Linkin Park 2026 live in M\u00fcnchen: Infos zu Tickets, Setlist und Anfahrt"},"content":{"rendered":"<p>M\u00fcnchen \u2013 Linkin Park ist im Sommer 2025 auf gro\u00dfer &#8222;From Zero World Tour&#8220;. Im Rahmen des Champions-League-Finales am 31.5. macht die Nu-Metal-Band einen kurzen Abstecher nach M\u00fcnchen und ist in der <a href=\"https:\/\/www.abendzeitung-muenchen.de\/thema\/allianz-arena\/\" rel=\"nofollow noopener\" target=\"_blank\">Allianz Arena<\/a> das musikalische Highlight kurz vor dem Anpfiff des Endspiels. Dort bekommt die Band um die neue Frontfrau Emily Armstrong einen ersten Eindruck, was sie dann im Juni 2026 erwarten d\u00fcrfte.<\/p>\n<p>Wann spielt Linkin Park in M\u00fcnchen?<\/p>\n<p>Linkin Park geben am 11. Juni 2026 ein Konzert in M\u00fcnchen, allerdings nicht im Olympiastadion, sondern in der Allianz Arena, der Heimst\u00e4tte des <a href=\"https:\/\/www.abendzeitung-muenchen.de\/sport\/fcbayern\/\" rel=\"nofollow noopener\" target=\"_blank\">FC Bayern M\u00fcnchen<\/a>.<\/p>\n<p><img decoding=\"async\" src=\"https:\/\/www.europesays.com\/de\/wp-content\/uploads\/2025\/04\/nl_kultur_silhouette2.svg.svg+xml\"\/><\/p>\n<p>        An dieser Stelle finden Sie einen externen Inhalt (Instagram). Sie k\u00f6nnen sich Inhalte dieses Anbieters mit einem Klick anzeigen lassen und wieder ausblenden.<\/p>\n<p>\n        Anzeigen\n        <\/p>\n<p>\n        Externe Inhalte ausblenden\n        <\/p>\n<p>\n        Anzeige f\u00fcr den Anbieter Instagram \u00fcber den Consent-Anbieter verweigert\n    <\/p>\n<p>Vorverkauf f\u00fcr Linkin Park in M\u00fcnchen: Wann und wo gibt es Tickets?<\/p>\n<p>F\u00fcr das M\u00fcnchner Konzert von Linkin Park gibt es mehrere M\u00f6glichkeiten, um an Tickets zu kommen.<\/p>\n<p>Setlist: Welche Songs werden Linkin Park in M\u00fcnchen spielen?<\/p>\n<p>Noch ist die genaue Setlist f\u00fcr das Konzert in M\u00fcnchen unbekannt, aber anhand der bisherigen Konzerte der &#8222;From Zero World Tour&#8220; d\u00fcrften folgende Songs mit hoher Wahrscheinlichkeit dabei sein.<\/p>\n<ul>\n<li>Somewhere I Belong<\/li>\n<li>Lying From You<\/li>\n<li>Crawling<\/li>\n<li>Two Faced<\/li>\n<li>New Divide<\/li>\n<li><a href=\"https:\/\/www.youtube.com\/watch?v=SRXH9AbT280\" target=\"_blank\" title=\"https:\/\/www.youtube.com\/watch?v=SRXH9AbT280\" class=\"ext_links\" rel=\"noopener nofollow\">The Emptiness Machine<\/a><\/li>\n<li>The Catalyst<\/li>\n<li>Burn It Down<\/li>\n<li>Up From the Bottom<\/li>\n<li>A Place for My Head<\/li>\n<li>One Step Closer<\/li>\n<li>Lost<\/li>\n<li>Overflow<\/li>\n<li>What I&#8217;ve Done<\/li>\n<li>Numb<\/li>\n<li>In the End<\/li>\n<li>Faint<\/li>\n<\/ul>\n<p><strong>Encore:<\/strong><\/p>\n<ul>\n<li>Papercut<\/li>\n<li>Let You Fade<\/li>\n<li>Heavy Is the Crown<\/li>\n<li>Bleed It Out<\/li>\n<\/ul>\n<p>Au\u00dfer M\u00fcnchen: Wo treten Linkin Park 2026 noch in Deutschland auf?<\/p>\n<p>Neben ihrem Gig in M\u00fcnchen werden Linkin Park im Rahmen ihrer &#8222;From Zero World Tour&#8220; 2026 in Deutschland am 1. Juni 2026 noch ein Konzert in Hamburg geben.<\/p>\n<p>Anreise: Wie kommt man zur Allianz Arena?<\/p>\n<p>Wer mit dem Zug am M\u00fcnchner Hauptbahnhof oder am M\u00fcnchener-Ostbahnhof ankommt, nimmt anschlie\u00dfend die S-Bahn zum zentralen Umsteigepunkt Marienplatz und steigt dort in die U-Bahnlinie U 6 (Richtung Garching-Forschungszentrum) ein. Ausstieg ist an der Haltestelle <a href=\"https:\/\/www.abendzeitung-muenchen.de\/thema\/froettmaning\/\" rel=\"nofollow noopener\" target=\"_blank\">Fr\u00f6ttmaning<\/a>. Die Fahrzeit vom Marienplatz bis nach Fr\u00f6ttmaning betr\u00e4gt ca. 16 Minuten. Von dort erreicht man das Stadion bequem \u00fcber die Esplanade.\u00a0<\/p>\n<p>Wer direkt vom Flughafen M\u00fcnchen &#8222;Franz-Josef-Strau\u00df&#8220; zur Allianz Arena m\u00f6chte, steigt in die S-Bahn-Linie 8 Richtung Herrsching und f\u00e4hrt mit dieser bis zum Marienplatz. Von dort mit der U 6 (Richtung Garching-Forschungszentrum) bis zur Haltestelle Fr\u00f6ttmaning.<\/p>\n","protected":false},"excerpt":{"rendered":"M\u00fcnchen \u2013 Linkin Park ist im Sommer 2025 auf gro\u00dfer &#8222;From Zero World Tour&#8220;. Im Rahmen des Champions-League-Finales&hellip;\n","protected":false},"author":2,"featured_media":154251,"comment_status":"","ping_status":"","sticky":false,"template":"","format":"standard","meta":{"footnotes":""},"categories":[1827],"tags":[242,2721,4407,772,29,30,1310,3331,1268,24599,1406,5435],"class_list":{"0":"post-154250","1":"post","2":"type-post","3":"status-publish","4":"format-standard","5":"has-post-thumbnail","7":"category-muenchen","8":"tag-242","9":"tag-allianz-arena","10":"tag-anfahrt","11":"tag-bayern","12":"tag-deutschland","13":"tag-germany","14":"tag-konzert","15":"tag-linkin-park","16":"tag-muenchen","17":"tag-setlist","18":"tag-tickets","19":"tag-vorverkauf"},"share_on_mastodon":{"url":"https:\/\/pubeurope.com\/@de\/114602720881395962","error":""},"_links":{"self":[{"href":"https:\/\/www.europesays.com\/de\/wp-json\/wp\/v2\/posts\/154250","targetHints":{"allow":["GET"]}}],"collection":[{"href":"https:\/\/www.europesays.com\/de\/wp-json\/wp\/v2\/posts"}],"about":[{"href":"https:\/\/www.europesays.com\/de\/wp-json\/wp\/v2\/types\/post"}],"author":[{"embeddable":true,"href":"https:\/\/www.europesays.com\/de\/wp-json\/wp\/v2\/users\/2"}],"replies":[{"embeddable":true,"href":"https:\/\/www.europesays.com\/de\/wp-json\/wp\/v2\/comments?post=154250"}],"version-history":[{"count":0,"href":"https:\/\/www.europesays.com\/de\/wp-json\/wp\/v2\/posts\/154250\/revisions"}],"wp:featuredmedia":[{"embeddable":true,"href":"https:\/\/www.europesays.com\/de\/wp-json\/wp\/v2\/media\/154251"}],"wp:attachment":[{"href":"https:\/\/www.europesays.com\/de\/wp-json\/wp\/v2\/media?parent=154250"}],"wp:term":[{"taxonomy":"category","embeddable":true,"href":"https:\/\/www.europesays.com\/de\/wp-json\/wp\/v2\/categories?post=154250"},{"taxonomy":"post_tag","embeddable":true,"href":"https:\/\/www.europesays.com\/de\/wp-json\/wp\/v2\/tags?post=154250"}],"curies":[{"name":"wp","href":"https:\/\/api.w.org\/{rel}","templated":true}]}}