{"id":154260,"date":"2025-05-31T13:42:21","date_gmt":"2025-05-31T13:42:21","guid":{"rendered":"https:\/\/www.europesays.com\/de\/154260\/"},"modified":"2025-05-31T13:42:21","modified_gmt":"2025-05-31T13:42:21","slug":"berliner-kultursenator-joe-chialo-tritt-zurueck","status":"publish","type":"post","link":"https:\/\/www.europesays.com\/de\/154260\/","title":{"rendered":"Berliner Kultursenator Joe Chialo tritt zur\u00fcck"},"content":{"rendered":"<p>\tCDU-Politiker<br \/>\n\t &#8211; <\/p>\n<p>\t\tBerliner Kultursenator Joe Chialo tritt zur\u00fcck<\/p>\n<p><img decoding=\"async\" src=\"https:\/\/www.europesays.com\/de\/wp-content\/uploads\/2025\/05\/1748698941_608_size=708x398.jpg\" alt=\"Archivbild:Joe Chialo am 23.02.2025.(Quelle:picture alliance\/dts Nachrichtenagentur)\" title=\"Archivbild:Joe Chialo am 23.02.2025.(Quelle:picture alliance\/dts Nachrichtenagentur)\" id=\"4391020\"\/>Video: rbb24 | 02.05.2025 | Nachrichten | Bild: picture alliance\/dts Nachrichtenagentur <\/p>\n<p>Er hatte wohl Ambitionen auf ein Bundesamt, doch in die neue Bundesregierung wurde er nicht berufen. Jetzt ist Joe Chialo (CDU) als Kultursenator in Berlin zur\u00fcckgetreten.<\/p>\n<p>\t\t\t\t\t<a name=\"articlesContList\/text_0\"\/><\/p>\n<p>Der Berliner Kultursenator Joe Chialo (CDU) ist zur\u00fcckgetreten. &#8222;Heute habe ich den Regierenden B\u00fcrgermeister um die Entlassung aus meinem Amt als Senator f\u00fcr Kultur und Gesellschaftlichen Zusammenhalt gebeten&#8220;, teilte er mit. Als Grund nannte er <a href=\"https:\/\/www.rbb24.de\/kultur\/beitrag\/2024\/11\/berlin-kuerzungen-kulturszene-bangt.html\" rel=\"nofollow noopener\" target=\"_blank\">die Kritik an den weitreichenden Haushaltsk\u00fcrzungen f\u00fcr den Kulturbereich<\/a>.<\/p>\n<p>Chialo war zuletzt auf Bundesebene als m\u00f6glicher Nachfolger von Claudia Roth (Gr\u00fcne) im Amt des Staatsministers f\u00fcr Kultur und Medien gehandelt worden. Die CDU hatte am Montag allerdings mitgeteilt, dass <a href=\"https:\/\/www.rbb24.de\/kultur\/beitrag\/2025\/04\/merz-kabinett-kultur-wolfram-weimer-reaktionen-kritik-berlin.html\" rel=\"nofollow noopener\" target=\"_blank\">Medienunternehmer Wolfram Weimer den Posten \u00fcbernehmen soll.<\/a><\/p>\n<p>\t\t\t\t\t<a name=\"articlesContList\/teaserbox\"\/><\/p>\n<p>\t\t\t\t\t<a name=\"articlesContList\/text_1613657012\"\/><br \/>\n\t\t\t\t\tChialo kritisiert K\u00fcrzungen im Kultur-Haushalt<\/p>\n<p>&#8222;Im vergangenen Jahr habe ich die geforderten Einschnitte im Kulturhaushalt schweren Herzens mitgetragen &#8211; im Bewusstsein der gemeinsamen Verantwortung f\u00fcr die Stadt&#8220;, so Chialo. <a href=\"https:\/\/www.rbb24.de\/politik\/beitrag\/2025\/02\/chialo-einsparung-kultur.html\" rel=\"nofollow noopener\" target=\"_blank\">Die nun geplanten weiteren K\u00fcrzungen<\/a> w\u00fcrden jedoch zu tief in bestehende Planungen und Zielsetzungen eingreifen, kritisiert er. Sie ver\u00e4nderten zentrale fachliche Voraussetzungen und f\u00fchrten so zur drohenden Schlie\u00dfung von bundesweit bekannten Kultureinrichtungen.<\/p>\n<p>Eine konstruktive Diskussion dar\u00fcber sei aus Chialos Sicht zuletzt erschwert worden, da sich \u00f6ffentliche Kritik zunehmend auf die eigene Person konzentriert habe. &#8222;In dieser Situation sehe ich es als meine Verantwortung, Raum f\u00fcr neue Perspektiven zu schaffen&#8220;, schrieb der bisherige Kultursenator.<\/p>\n<\/p>\n<p>\t\t\t\t\t<a name=\"articlesContList\/teaserbox_1007654293\"\/><\/p>\n<p>\t\t\t\t\t<a name=\"articlesContList\/text_395464459\"\/><br \/>\n\t\t\t\t\tWegner: &#8222;zeitnahe Nachfolgeregelung&#8220;<\/p>\n<p>Der Berliner Regierende B\u00fcrgermeister Kai Wegner (CDU) sagte dem rbb: &#8222;Wir werden jetzt schauen, dass wir eine starke Nachfolgeregelung finden.&#8220; Er werde zeitnah &#8222;eine gute, eine starke L\u00f6sung&#8220; pr\u00e4sentieren. Mit Blick auf die Haushaltssituation und die Debatte um K\u00fcrzungen auch im Kulturbereich sagte der CDU-Politiker, er sei gemeinsam mit Kulturstaatssekret\u00e4rin Sarah Wedl-Wilson in gutem Austausch mit den Kultureinrichtungen der Stadt und optimistisch, zu guten L\u00f6sungen zu kommen.<\/p>\n<p>\t\t\t\t\t<a name=\"articlesContList\/text_162672702\"\/><br \/>\n\t\t\t\t\tSPD nimmt Entscheidung &#8222;mit Respekt&#8220; zur Kenntnis<\/p>\n<p>Der Vorsitzende der SPD-Fraktion im Abgeordnetenhaus Raed Saleh teilte mit, die Fraktion danke Chialo f\u00fcr seine Arbeit als Senator und nehmen seine Entscheidung mit Respekt zur Kenntnis. &#8222;Wir sind uns sicher, dass auch die Nachfolgerin oder der Nachfolger von Herrn Chialo sich daf\u00fcr einsetzt, der Kultur und dem gesellschaftlichen Zusammenhalt den geb\u00fchrenden wichtigen Platz in Berlin einzur\u00e4umen.&#8220;<\/p>\n<p>Die Gr\u00fcnen-Fraktionsvorsitzenden Bettina Jarasch und Werner Graf erkl\u00e4rten: &#8222;Wir haben Respekt davor, dass Senator Chialo den Weg nun frei macht. Im Land Berlin bleibt nicht viel Zeit, um den bereits entstandenen Schaden f\u00fcr die Kulturmetropole abzumildern.&#8220; Daf\u00fcr trage jetzt vor allem der Regierende B\u00fcrgermeister Verantwortung, zumal er seit Dezember mit seinem &#8222;Kulturdialog&#8220; schon einen Teil der Amtsgesch\u00e4fte eines Fachsenators \u00fcbernommen habe.<\/p>\n<p>\t\t\t\t\t<a name=\"articlesContList\/teaserbox_1036735062\"\/><\/p>\n<p>\t\t\t\t\t<a name=\"articlesContList\/text_1538741561\"\/><br \/>\n\t\t\t\t\tLinke: Chialo hinterlasse &#8222;Scherbenhaufen&#8220;<\/p>\n<p>Linken-Fraktionschef Tobias Schulze sprach von einem &#8222;Scherbenhaufen&#8220;, den Chialo hinterlasse. &#8222;Der Kultursenator geht vor dem selbst gemachten Haushaltschaos von Schwarz-Rot in die Knie.&#8220; Die Koalition habe die ersten anderthalb Jahre &#8222;Sch\u00f6nwetterpolitik&#8220; gemacht und allen in der Stadt gro\u00dfz\u00fcgige Versprechen gemacht, auch der Kultursenator. &#8222;Als dann die ungedeckten Schecks platzten, leistete Joe Chialo keinen Widerstand&#8220; anstatt f\u00fcr die Kultur zu k\u00e4mpfen. &#8222;Nun brennt die H\u00fctte und Joe Chialo verl\u00e4sst das sinkende Schiff.&#8220;<\/p>\n<p>Der kulturpolitische Sprecher der AfD-Fraktion Robert Eschricht sagte, Chialo sei mit vielen Vorschusslorbeeren gestartet, aber letztlich &#8222;am Schlingerkurs von Kai Wegner gescheitert, der jeglichen Reformwillen dem Koalitionsfrieden geopfert&#8220; habe. &#8222;In seinem Arbeitszeugnis w\u00fcrde stehen: Er war guten Willens. Schade um den Versuch, externe Talente f\u00fcr die Politik zu gewinnen&#8220;, so Eschricht weiter.<\/p>\n<p>\t\t\t\t\t<a name=\"articlesContList\/text\"\/><br \/>\n\t\t\t\t\t130 Millionen Euro Einsparungen in der Kultur allein 2025<\/p>\n<p>Chialo sei mit dem Anspruch in die Politik gegangen, aktiv zur guten Entwicklung der Stadt beizutragen. &#8222;Wenn sich zentrale politische und fachliche Ziele dauerhaft nicht mehr im gegebenen Rahmen umsetzen lassen, ist es aus meiner Sicht konsequent, einen Schritt zur Seite zu machen und das Amt in neue H\u00e4nde zu legen&#8220;, teilte Chialo weiter mit.<\/p>\n<p>Insgesamt muss die Berliner Kultur im Haushalt 2025 <a href=\"https:\/\/www.rbb24.de\/politik\/beitrag\/2024\/11\/berlin-kultursenator-chialo-bestaetigt-kuerzungsvolumen.html\" rel=\"nofollow noopener\" target=\"_blank\">rund 130 Millionen Euro einsparen, knapp zw\u00f6lf Prozent ihres eigentlich angedachten Budgets<\/a>. Viele Theater m\u00fcssen mit weniger Geld vom Land auskommen. Auch zahlreiche andere Bereiche in der Stadt sind von Einsparungen betroffen. Ingesamt sollen in diesem Jahr etwa drei Milliarden Euro weniger ausgegeben werden.<\/p>\n<p>\t\t\t\t\t<a name=\"articlesContList\/text_1229011364\"\/><\/p>\n<p>Sendung: rbb24 Inforadio, 02.05.2025, 11 Uhr<\/p>\n<p><a class=\"ico ico_arrow_wide_up\" title=\"An den Anfang\" href=\"#top\">  <\/a><\/p>\n","protected":false},"excerpt":{"rendered":"CDU-Politiker &#8211; Berliner Kultursenator Joe Chialo tritt zur\u00fcck Video: rbb24 | 02.05.2025 | Nachrichten | Bild: picture alliance\/dts&hellip;\n","protected":false},"author":2,"featured_media":154261,"comment_status":"","ping_status":"","sticky":false,"template":"","format":"standard","meta":{"footnotes":""},"categories":[1825],"tags":[1941,1939,296,1937,29,30,1940,1938],"class_list":{"0":"post-154260","1":"post","2":"type-post","3":"status-publish","4":"format-standard","5":"has-post-thumbnail","7":"category-berlin","8":"tag-aktuelle-nachrichten-aus-berlin","9":"tag-aktuelle-news-aus-berlin","10":"tag-berlin","11":"tag-berlin-news","12":"tag-deutschland","13":"tag-germany","14":"tag-nachrichten-aus-berlin","15":"tag-news-aus-berlin"},"share_on_mastodon":{"url":"https:\/\/pubeurope.com\/@de\/114602740743481454","error":""},"_links":{"self":[{"href":"https:\/\/www.europesays.com\/de\/wp-json\/wp\/v2\/posts\/154260","targetHints":{"allow":["GET"]}}],"collection":[{"href":"https:\/\/www.europesays.com\/de\/wp-json\/wp\/v2\/posts"}],"about":[{"href":"https:\/\/www.europesays.com\/de\/wp-json\/wp\/v2\/types\/post"}],"author":[{"embeddable":true,"href":"https:\/\/www.europesays.com\/de\/wp-json\/wp\/v2\/users\/2"}],"replies":[{"embeddable":true,"href":"https:\/\/www.europesays.com\/de\/wp-json\/wp\/v2\/comments?post=154260"}],"version-history":[{"count":0,"href":"https:\/\/www.europesays.com\/de\/wp-json\/wp\/v2\/posts\/154260\/revisions"}],"wp:featuredmedia":[{"embeddable":true,"href":"https:\/\/www.europesays.com\/de\/wp-json\/wp\/v2\/media\/154261"}],"wp:attachment":[{"href":"https:\/\/www.europesays.com\/de\/wp-json\/wp\/v2\/media?parent=154260"}],"wp:term":[{"taxonomy":"category","embeddable":true,"href":"https:\/\/www.europesays.com\/de\/wp-json\/wp\/v2\/categories?post=154260"},{"taxonomy":"post_tag","embeddable":true,"href":"https:\/\/www.europesays.com\/de\/wp-json\/wp\/v2\/tags?post=154260"}],"curies":[{"name":"wp","href":"https:\/\/api.w.org\/{rel}","templated":true}]}}