{"id":154317,"date":"2025-05-31T14:13:10","date_gmt":"2025-05-31T14:13:10","guid":{"rendered":"https:\/\/www.europesays.com\/de\/154317\/"},"modified":"2025-05-31T14:13:10","modified_gmt":"2025-05-31T14:13:10","slug":"kirchenmusiker-aus-st-liudger-muenster-freigestellt","status":"publish","type":"post","link":"https:\/\/www.europesays.com\/de\/154317\/","title":{"rendered":"Kirchenmusiker aus St. Liudger M\u00fcnster freigestellt"},"content":{"rendered":"<p>Die Kirchengemeinde St. Liudger in M\u00fcnster hat einen Kirchenmusiker vom Dienst freigestellt. Grund daf\u00fcr sind polizeiliche Ermittlungen gegen ihn.<\/p>\n<p>\u00a0<\/p>\n<p>\u00dcber diese Ermittlungen ist die Kirchengemeinde am 20. Mai von der Polizei informiert worden. Die Verantwortlichen setzten die Empfehlungen der Polizei umgehend um. Dementsprechend ist der Beschuldigte seitdem nicht mehr im Dienst und inzwischen auch formal freigestellt. Die Freistellung bleibt mindestens bis zur weiteren Kl\u00e4rung des Sachverhalts bestehen.<\/p>\n<p>Die Tatvorw\u00fcrfe beziehen sich zum jetzigen Zeitpunkt nicht auf einen Vorfall, der im Zusammenhang mit der T\u00e4tigkeit des Mannes in der Pfarrei steht oder der sich in der Pfarrei ereignet hat.<\/p>\n<p>Anke Lucht<\/p>\n","protected":false},"excerpt":{"rendered":"Die Kirchengemeinde St. Liudger in M\u00fcnster hat einen Kirchenmusiker vom Dienst freigestellt. Grund daf\u00fcr sind polizeiliche Ermittlungen gegen&hellip;\n","protected":false},"author":2,"featured_media":154318,"comment_status":"","ping_status":"","sticky":false,"template":"","format":"standard","meta":{"footnotes":""},"categories":[1843],"tags":[3364,29,30,8970,18186,1209],"class_list":{"0":"post-154317","1":"post","2":"type-post","3":"status-publish","4":"format-standard","5":"has-post-thumbnail","7":"category-muenster","8":"tag-de","9":"tag-deutschland","10":"tag-germany","11":"tag-muenster","12":"tag-news-detail","13":"tag-nordrhein-westfalen"},"share_on_mastodon":{"url":"https:\/\/pubeurope.com\/@de\/114602862615883623","error":""},"_links":{"self":[{"href":"https:\/\/www.europesays.com\/de\/wp-json\/wp\/v2\/posts\/154317","targetHints":{"allow":["GET"]}}],"collection":[{"href":"https:\/\/www.europesays.com\/de\/wp-json\/wp\/v2\/posts"}],"about":[{"href":"https:\/\/www.europesays.com\/de\/wp-json\/wp\/v2\/types\/post"}],"author":[{"embeddable":true,"href":"https:\/\/www.europesays.com\/de\/wp-json\/wp\/v2\/users\/2"}],"replies":[{"embeddable":true,"href":"https:\/\/www.europesays.com\/de\/wp-json\/wp\/v2\/comments?post=154317"}],"version-history":[{"count":0,"href":"https:\/\/www.europesays.com\/de\/wp-json\/wp\/v2\/posts\/154317\/revisions"}],"wp:featuredmedia":[{"embeddable":true,"href":"https:\/\/www.europesays.com\/de\/wp-json\/wp\/v2\/media\/154318"}],"wp:attachment":[{"href":"https:\/\/www.europesays.com\/de\/wp-json\/wp\/v2\/media?parent=154317"}],"wp:term":[{"taxonomy":"category","embeddable":true,"href":"https:\/\/www.europesays.com\/de\/wp-json\/wp\/v2\/categories?post=154317"},{"taxonomy":"post_tag","embeddable":true,"href":"https:\/\/www.europesays.com\/de\/wp-json\/wp\/v2\/tags?post=154317"}],"curies":[{"name":"wp","href":"https:\/\/api.w.org\/{rel}","templated":true}]}}